{"id":7116,"date":"2016-04-04T00:00:00","date_gmt":"2016-04-04T00:00:00","guid":{"rendered":"https:\/\/pre.madridemprende.anovagroup.es\/noticias\/da-de-las-ranas-homenaje-a-cervantes-en-el-barrio-de-las-letras\/"},"modified":"2022-06-08T11:27:56","modified_gmt":"2022-06-08T09:27:56","slug":"da-de-las-ranas-homenaje-a-cervantes-en-el-barrio-de-las-letras","status":"publish","type":"noticias","link":"https:\/\/test.madridemprende.anovagroup.es\/fr\/noticias\/da-de-las-ranas-homenaje-a-cervantes-en-el-barrio-de-las-letras\/","title":{"rendered":"D\u00eda de las Ranas: homenaje a Cervantes en el Barrio de las Letras"},"content":{"rendered":"<div class=\\\"MsoNormal\\\" style=\\\"text-align: justify; background: white;\\\" align=\\\"center\\\">\u00a0<span style=\\\"font-family: tahoma, arial, helvetica, sans-serif; font-size: 12pt;\\\">El evento multidisciplinar llen\u00f3 las calles del Barrio de las Letras de propuestas art\u00edsticas, culturales y comerciales que, en esta primera edici\u00f3n, giraron en torno a la figura de Miguel de Cervantes, con motivo del 400 aniversario de su muerte.<\/span><\/div>\n<p class=\\\"MsoNormal\\\" style=\\\"margin-bottom: 0.0001pt; text-align: justify; background: white;\\\"><span style=\\\"font-family: tahoma, arial, helvetica, sans-serif; font-size: 12pt;\\\">El Barrio de las Letras cuenta con espacios y enclaves de gran inter\u00e9s cultural y alto valor patrimonial, siendo uno de los m\u00e1s visitados por los espa\u00f1oles y extranjeros al ser uno de los grandes hitos geogr\u00e1ficos del castellano: Cervantes, Quevedo, Lope de Vega, G\u00f3ngora y Becquer vivieron y se inspiraron en sus calles.<\/span><\/p>\n<p class=\\\"MsoNormal\\\" style=\\\"margin-bottom: 0.0001pt; text-align: justify; background: white;\\\"><span style=\\\"font-family: tahoma, arial, helvetica, sans-serif; font-size: 12pt;\\\"><span lang=\\\"ES\\\" style=\\\"color: #222222;\\\">\u00a0<\/span>El nombre de \\\u00bbEl D\u00eda de las Ranas\\\u00bb se debe a que este \u201cvecino\u201d especial viv\u00eda en los riachuelos y charcas que inundaban el Barrio de las Letras.<\/span><\/p>\n<p class=\\\"MsoNormal\\\" style=\\\"margin-bottom: 0.0001pt; text-align: justify; background: white;\\\"><span style=\\\"font-family: tahoma, arial, helvetica, sans-serif; font-size: 12pt;\\\"><span lang=\\\"ES\\\" style=\\\"color: #222222;\\\">\u00a0<\/span>Durante el \u201cD\u00eda de las Ranas\u201d el Barrio de las Letras se decor\u00f3 con motivos de inspiraci\u00f3n quijotesca. Entre las numerosas actividades desarrolladas destacaron la lectura de fragmentos de 12 Novelas Ejemplares de Cervantes por representantes de la pol\u00edtica, la cultura y la sociedad madrile\u00f1a en el Ateneo, recorridos privados en el Thyssen para ni\u00f1os y adultos, visita al Convento de las Trinitarias, actividades para los m\u00e1s peque\u00f1os con talleres, cuentacuentos, representaciones musicales, visitas guidas por el \u201cMadrid de cervantes\u201d en el Barrio de las Letras, teatro en la calle, etc,<\/span><\/p>\n<p class=\\\"MsoNormal\\\" style=\\\"margin-bottom: 0.0001pt; text-align: justify; background: white;\\\"><span style=\\\"font-family: tahoma, arial, helvetica, sans-serif; font-size: 12pt;\\\"><span lang=\\\"ES\\\" style=\\\"color: #222222;\\\">\u00a0<\/span>La Asociaci\u00f3n de comerciantes del Barrio de las Letras cuenta con m\u00e1s de 300 asociados que se sumaron a esta propuesta con actividades para todos los p\u00fablicos desde sus establecimientos tan diversos como tiendas de moda, galer\u00edas de arte, tiendas de decoraci\u00f3n y antig\u00fcedades y hosteler\u00eda.<\/span><\/p>\n<p class=\\\"MsoNormal\\\" style=\\\"margin-bottom: 0.0001pt; text-align: justify; background: white;\\\"><span style=\\\"font-family: tahoma, arial, helvetica, sans-serif; font-size: 12pt;\\\"><span lang=\\\"ES\\\" style=\\\"color: #222222;\\\">\u00a0<\/span>Un gran d\u00eda para disfrutar de Madrid y de la cultura en familia.\u00a0<\/p>\n<p><a href=\\\"\/images\/public\/source\/COMERCIO\/NOTICIAS\/DIA%20DE LAS RANAS\/vlc-record-2016-04-06-12h57m54s-1459605818097.mp4-.mp4\\\" target=\\\"_blank\\\"><img src=\\\"\/images\/public\/source\/COMERCIO\/NOTICIAS\/DIA DE LAS RANAS\/informativo tve.jpg\\\" alt=\\\"informativo tve\\\" width=\\\"279\\\" height=\\\"155\\\" \/><\/a><\/p>\n<p><\/span><\/p>\n","protected":false},"excerpt":{"rendered":"<p>\u00a0El evento multidisciplinar llen\u00f3 las calles del Barrio de las Letras de&#8230;<\/p>\n","protected":false},"featured_media":7117,"template":"","meta":{"_acf_changed":false},"categories":[],"noticias":[],"class_list":["post-7116","noticias","type-noticias","status-publish","has-post-thumbnail","hentry"],"acf":[],"_links":{"self":[{"href":"https:\/\/test.madridemprende.anovagroup.es\/fr\/wp-json\/wp\/v2\/noticias\/7116"}],"collection":[{"href":"https:\/\/test.madridemprende.anovagroup.es\/fr\/wp-json\/wp\/v2\/noticias"}],"about":[{"href":"https:\/\/test.madridemprende.anovagroup.es\/fr\/wp-json\/wp\/v2\/types\/noticias"}],"version-history":[{"count":0,"href":"https:\/\/test.madridemprende.anovagroup.es\/fr\/wp-json\/wp\/v2\/noticias\/7116\/revisions"}],"wp:featuredmedia":[{"embeddable":true,"href":"https:\/\/test.madridemprende.anovagroup.es\/fr\/wp-json\/wp\/v2\/media\/7117"}],"wp:attachment":[{"href":"https:\/\/test.madridemprende.anovagroup.es\/fr\/wp-json\/wp\/v2\/media?parent=7116"}],"wp:term":[{"taxonomy":"category","embeddable":true,"href":"https:\/\/test.madridemprende.anovagroup.es\/fr\/wp-json\/wp\/v2\/categories?post=7116"},{"taxonomy":"noticias","embeddable":true,"href":"https:\/\/test.madridemprende.anovagroup.es\/fr\/wp-json\/wp\/v2\/noticias?post=7116"}],"curies":[{"name":"wp","href":"https:\/\/api.w.org\/{rel}","templated":true}]}}