{"id":7120,"date":"2016-04-14T00:00:00","date_gmt":"2016-04-14T00:00:00","guid":{"rendered":"https:\/\/pre.madridemprende.anovagroup.es\/noticias\/todos-lo-necesario-para-empezar-para-crear-para-emprender-para-hacer-tus-sueos-realidad\/"},"modified":"2022-06-08T11:25:45","modified_gmt":"2022-06-08T09:25:45","slug":"todos-lo-necesario-para-empezar-para-crear-para-emprender-para-hacer-tus-sueos-realidad","status":"publish","type":"noticias","link":"https:\/\/test.madridemprende.anovagroup.es\/fr\/noticias\/todos-lo-necesario-para-empezar-para-crear-para-emprender-para-hacer-tus-sueos-realidad\/","title":{"rendered":"Todos lo necesario para empezar, para crear, para emprender, para hacer tus sue\u00f1os realidad"},"content":{"rendered":"<p class=\\\"MsoNormal\\\" style=\\\"box-sizing: border-box; margin: 0px 0px 10px; padding: 0px; border: 0px; font-stretch: inherit; line-height: 1.5em; font-family: Arial; font-size: 14px; vertical-align: baseline; color: #333333; background-color: #ffffff;\\\"><em style=\\\"box-sizing: border-box; margin: 0px; padding: 0px; border: 0px; font-variant: inherit; font-weight: inherit; font-stretch: inherit; line-height: inherit; font-size: 1em; vertical-align: baseline;\\\">Si piensas que\u00a0<span style=\\\"box-sizing: border-box; margin: 0px; padding: 0px; border: 0px; font-style: inherit; font-variant: inherit; font-weight: inherit; font-stretch: inherit; line-height: inherit; font-family: inherit; vertical-align: baseline; text-decoration: line-through;\\\">no<\/span>\u00a0puedes\u00a0<span style=\\\"box-sizing: border-box; margin: 0px; padding: 0px; border: 0px; font-style: inherit; font-variant: inherit; font-weight: inherit; font-stretch: inherit; line-height: inherit; font-family: inherit; vertical-align: baseline; text-decoration: line-through;\\\">no<\/span>\u00a0podr\u00e1s<\/em>. Bajo ese lema el \u00c1rea de Equidad, Derechos Sociales y Empleo, a trav\u00e9s de la<a href=\\\"\/es\\\"> Direcci\u00f3n General de Comercio y Emprendimiento<\/a>, desarrolla una campa\u00f1a de apoyo integral al emprendimiento, que se desplegar\u00e1 en las\u00a0marquesinas de autobuses, repartidas por la ciudad.<\/p>\n<p class=\\\"MsoNormal\\\" style=\\\"box-sizing: border-box; margin: 0px 0px 10px; padding: 0px; border: 0px; font-stretch: inherit; line-height: 1.5em; font-family: Arial; font-size: 14px; vertical-align: baseline; color: #333333; background-color: #ffffff;\\\">La campa\u00f1a es una m\u00e1s de las actividades que revelan la decidida apuesta municipal por los emprendedores madrile\u00f1os. Una apuesta que se concreta, entre otras l\u00edneas de actuaci\u00f3n, a trav\u00e9s de la <a href=\\\"https:\/\/twitter.com\/search?q=%23ReddeViveros&#038;src=typd\\\" target=\\\"_blank\\\">#ReddeViveros<\/a>, donde se asientan la <a href=\\\"\/es\/emprendedores\/aceleracion-de-empresas\/aceleradora-de-proyectos-de-alto-potencial\\\">aceleradora<\/a>, las <a href=\\\"\/es\/emprendedores\/espacios-para-emprendedores\/preincubadoras-y-espacios-compartidos\\\">preincubadoras de proyectos empresariales y los espacios de coworking<\/a>, la <a href=\\\"\/es\/emprendedores\/in-formacion-y-networking\\\">formaci\u00f3n <\/a>y <a href=\\\"\/es\/emprendedores\/asesoramiento-a-emprendedores\/oficinas-de-asesoramiento\\\">asesoramiento<\/a>, as\u00ed como la <a href=\\\"\/es\/emprendedores\/asesoramiento-a-emprendedores\/ventanilla-unica-del-emprendedor\\\">Ventanilla \u00danica \u00a0del Emprendedor<\/a>.<\/p>\n<p><img src=\\\"\/images\/public\/source\/Foto Apoyo Integral.jpg\\\" alt=\\\"Foto Apoyo Integral\\\" width=\\\"375\\\" height=\\\"667\\\" \/><\/p>\n<p>A lo largo de 2015, la <a href=\\\"\/es\/emprendedores\/espacios-para-emprendedores\\\">Red de Viveros de Empresas<\/a>, que ha visto rebajados este a\u00f1o sus precios en un 9,5% m\u00e1s un descuento adicional del 25% en el primer a\u00f1o para los emprendedores de nueva incorporaci\u00f3n, ha asesorado a 4.575 emprendedores. En sus seis viveros se han creado telem\u00e1ticamente 313 empresas. Cuenta con 129 compa\u00f1\u00edas alojadas que han creado 709 empleos y facturaron 21,15 millones de euros el pasado a\u00f1o. Nacida en 2008, ha ido aumentando hasta seis el n\u00famero de Viveros con el objetivo de \u00a0incrementar, consolidar y diversificar el tejido empresarial de la ciudad \u00a0y promover as\u00ed el empleo, la actividad econ\u00f3mica y la innovaci\u00f3n tecnol\u00f3gica. En el Vivero se ubican empresas durante sus primeros pasos en el mercado. Reciben asesoramiento y tutelaje permanente, formaci\u00f3n, se realizan actividades de<em style=\\\"box-sizing: border-box; margin: 0px; padding: 0px; border: 0px; font-variant: inherit; font-weight: inherit; font-stretch: inherit; line-height: inherit; font-size: 1em; vertical-align: baseline;\\\">networking<\/em>, y en el <a href=\\\"\/es\/emprendedores\/tramitacion\/puntos-atencion-al-emprendedor\\\">Punto de Atenci\u00f3n al Emprendedor<\/a>\u00a0(<acronym style=\\\"box-sizing: border-box; margin: 0px; padding: 0px; border-width: 0px 0px 1px; border-bottom-style: dotted; border-bottom-color: #666666; font-style: inherit; font-variant: inherit; font-weight: inherit; font-stretch: inherit; line-height: inherit; font-family: inherit; font-size: 1em; vertical-align: baseline; cursor: help;\\\">PAE<\/acronym>) se realiza la tramitaci\u00f3n telem\u00e1tica de la creaci\u00f3n de empresas, entre otros servicios.<\/p>\n<p class=\\\"MsoNormal\\\" style=\\\"box-sizing: border-box; margin: 0px 0px 10px; padding: 0px; border: 0px; font-stretch: inherit; line-height: 1.5em; font-family: Arial; font-size: 14px; vertical-align: baseline; color: #333333; background-color: #ffffff;\\\"><span style=\\\"box-sizing: border-box; margin: 0px; padding: 0px; border: 0px; font-style: inherit; font-variant: inherit; font-stretch: inherit; line-height: inherit; font-family: inherit; vertical-align: baseline; font-weight: 700 !important;\\\">94 proyectos en la \u00faltima convocatoria de la Aceleradora<\/span><\/p>\n<p class=\\\"MsoNormal\\\" style=\\\"box-sizing: border-box; margin: 0px 0px 10px; padding: 0px; border: 0px; font-stretch: inherit; line-height: 1.5em; font-family: Arial; font-size: 14px; vertical-align: baseline; color: #333333; background-color: #ffffff;\\\">Educaci\u00f3n y formaci\u00f3n; ocio, turismo, restauraci\u00f3n, salud y moda; deporte, empleo, automoci\u00f3n y hogar\u2026Entre todos esos sectores se reparten las 94 iniciativas presentadas a la \u00faltima convocatoria, que acaba pr\u00e1cticamente de cerrarse,\u00a0 de la Aceleradora de Proyectos de Alto Potencial, ubicada en el Vivero de Carabanchel. Es un espacio de\u00a0<em style=\\\"box-sizing: border-box; margin: 0px; padding: 0px; border: 0px; font-variant: inherit; font-weight: inherit; font-stretch: inherit; line-height: inherit; font-size: 1em; vertical-align: baseline;\\\">coworking<\/em>, dise\u00f1ado para albergar\u00a0 proyectos que cuentan ya con un cierto grado de madurez y requieren de un crecimiento y una expansi\u00f3n a un ritmo m\u00e1s r\u00e1pido.<\/p>\n<p class=\\\"MsoNormal\\\" style=\\\"box-sizing: border-box; margin: 0px 0px 10px; padding: 0px; border: 0px; font-stretch: inherit; line-height: 1.5em; font-family: Arial; font-size: 14px; vertical-align: baseline; color: #333333; background-color: #ffffff;\\\">Aunque mayoritariamente eran proyectos madrile\u00f1os (87), la aceleradora atrajo tambi\u00e9n iniciativas de otras comunidades. De hecho, dos proven\u00edan de Catalu\u00f1a, dos de Valencia, otras dos de Andaluc\u00eda y una de Asturias. Por tipo de negocio, 22 eran de servicios profesionales, 18 de Plataformas, 16 de producto, 13 eran App, 6 portales web, tres eran negocios de software y de comunidad social, dos eran centros de formaci\u00f3n y e-Commerce y uno era para una tienda f\u00edsica.<\/p>\n<p class=\\\"MsoNormal\\\" style=\\\"box-sizing: border-box; margin: 0px 0px 10px; padding: 0px; border: 0px; font-stretch: inherit; line-height: 1.5em; font-family: Arial; font-size: 14px; vertical-align: baseline; color: #333333; background-color: #ffffff;\\\">De todos ellos se valoraron 87, entre los que se seleccionaron cinco. The Urban Roosters, primera plataforma para realizar competiciones de rap en\u00a0<em style=\\\"box-sizing: border-box; margin: 0px; padding: 0px; border: 0px; font-variant: inherit; font-weight: inherit; font-stretch: inherit; line-height: inherit; font-size: 1em; vertical-align: baseline;\\\">streaming<\/em>; Videoky enfocada a comercializar la comercializaci\u00f3n y personalizaci\u00f3n de productos de v\u00eddeo tarjetas; Edapty, proyecto educativo para acercar los contenidos a los usuarios; Keynos, soluci\u00f3n tecnol\u00f3gica para motivaci\u00f3n e implicaci\u00f3n de los empleados en las empresas y Lovzi, basada en la construcci\u00f3n y lanzamiento de\u00a0 una nueva marca al sector de la salud y del bienestar. Esos han sido cinco elegidos que el pasado d\u00eda 29 de marzo\u00a0 iniciaron el proceso de aceleraci\u00f3n.<\/p>\n<p class=\\\"MsoNormal\\\" style=\\\"box-sizing: border-box; margin: 0px 0px 10px; padding: 0px; border: 0px; font-stretch: inherit; line-height: 1.5em; font-family: Arial; font-size: 14px; vertical-align: baseline; color: #333333; background-color: #ffffff;\\\"><span style=\\\"box-sizing: border-box; margin: 0px; padding: 0px; border: 0px; font-style: inherit; font-variant: inherit; font-stretch: inherit; line-height: inherit; font-family: inherit; vertical-align: baseline; font-weight: 700 !important;\\\">Preincubadoras para proyectos menos avanzados<\/span><\/p>\n<p class=\\\"MsoNormal\\\" style=\\\"box-sizing: border-box; margin: 0px 0px 10px; padding: 0px; border: 0px; font-stretch: inherit; line-height: 1.5em; font-family: Arial; font-size: 14px; vertical-align: baseline; color: #333333; background-color: #ffffff;\\\">Por el contrario, aquellas iniciativas empresariales en fase menos avanzada, que lo primero que necesitan es elaborar su plan de negocio cuentan tambi\u00e9n con un espacio espec\u00edfico en las preincubadoras, localizadas en los viveros de Vic\u00e1lvaro, Villaverde, Carabanchel y Puente de Vallecas. All\u00ed, durante un a\u00f1o como m\u00e1ximo, cuentan con el espacio para dise\u00f1ar ese plan, reciben asesoramiento, tutor\u00edas personalizadas y formaci\u00f3n espec\u00edfica.<\/p>\n<p class=\\\"MsoNormal\\\" style=\\\"box-sizing: border-box; margin: 0px 0px 10px; padding: 0px; border: 0px; font-stretch: inherit; line-height: 1.5em; font-family: Arial; font-size: 14px; vertical-align: baseline; color: #333333; background-color: #ffffff;\\\">Durante el pasado a\u00f1o se beneficiaron de estos espacios 310 planes de empresa.<\/p>\n<p class=\\\"MsoNormal\\\" style=\\\"box-sizing: border-box; margin: 0px 0px 10px; padding: 0px; border: 0px; font-stretch: inherit; line-height: 1.5em; font-family: Arial; font-size: 14px; vertical-align: baseline; color: #333333; background-color: #ffffff;\\\"><span style=\\\"box-sizing: border-box; margin: 0px; padding: 0px; border: 0px; font-style: inherit; font-variant: inherit; font-stretch: inherit; line-height: inherit; font-family: inherit; vertical-align: baseline; font-weight: 700 !important;\\\">Asesoramiento y formaci\u00f3n<\/span><\/p>\n<p class=\\\"MsoNormal\\\" style=\\\"box-sizing: border-box; margin: 0px 0px 10px; padding: 0px; border: 0px; font-stretch: inherit; line-height: 1.5em; font-family: Arial; font-size: 14px; vertical-align: baseline; color: #333333; background-color: #ffffff;\\\">Uno de los aspectos clave a la hora de emprender es la informaci\u00f3n sobre tr\u00e1mites y recursos disponibles. \u00bfQu\u00e9 pasos y tr\u00e1mites hay que dar? \u00bfTengo ayudas o subvenciones? \u00bfY l\u00edneas de cr\u00e9dito bancario? Estas son algunas de las preguntas m\u00e1s frecuentes que surgen entre quienes deciden adentrarse en la senda del emprendimiento. En un espacio centralizado, la Ventanilla \u00danica del Emprendedor, ubicada en Pr\u00edncipe de Vergara, 140,\u00a0 se pueden encontrar las respuestas. Tambi\u00e9n en la Red de Oficinas de Asesoramiento, \u00a0ubicadas en los viveros de empresas. A lo largo del pasado a\u00f1o en la Ventanilla \u00danica del emprendedor se atendieron 11.129 consultas.<\/p>\n<p class=\\\"MsoNormal\\\" style=\\\"box-sizing: border-box; margin: 0px 0px 10px; padding: 0px; border: 0px; font-stretch: inherit; line-height: 1.5em; font-family: Arial; font-size: 14px; vertical-align: baseline; color: #333333; background-color: #ffffff;\\\">Una \u00faltima l\u00ednea estrat\u00e9gica, la formaci\u00f3n. Cerr\u00f3 2015 con 148 acciones formativas en emprendimiento y un n\u00famero de asistentes de 3.281 personas.\u00a0En la actualidad se ha abierto la inscripci\u00f3n para los <a href=\\\"\/es\/emprendedores\/in-formacion-y-networking\/cursos-de-in-formacion\\\">Cursos de In-formaci\u00f3n<\/a>, ciclo bianual de cuatro itinerarios formativos totalmente gratuitos que se imparten en el Vivero de Puente de Vallecas. Cada itinerario consta de cuatro jornadas lectivas presenciales, en horario de 10 a 14.30 horas, a cuyo t\u00e9rmino se realiza una jornada de\u00a0<em style=\\\"box-sizing: border-box; margin: 0px; padding: 0px; border: 0px; font-variant: inherit; font-weight: inherit; font-stretch: inherit; line-height: inherit; font-size: 1em; vertical-align: baseline;\\\">networking<\/em>\u00a0de tres horas. Este primer ciclo del a\u00f1o se imparte entre abril y mayo y el segundo dar\u00e1 comienzo en septiembre. Tem\u00e1ticas:\u00a0<em style=\\\"box-sizing: border-box; margin: 0px; padding: 0px; border: 0px; font-variant: inherit; font-weight: inherit; font-stretch: inherit; line-height: inherit; font-size: 1em; vertical-align: baseline;\\\">Habilidades del emprendimiento<\/em>;\u00a0<em style=\\\"box-sizing: border-box; margin: 0px; padding: 0px; border: 0px; font-variant: inherit; font-weight: inherit; font-stretch: inherit; line-height: inherit; font-size: 1em; vertical-align: baseline;\\\">Fundamentos del plan de empresa. Plan econ\u00f3mico financiero<\/em>;\u00a0<em style=\\\"box-sizing: border-box; margin: 0px; padding: 0px; border: 0px; font-variant: inherit; font-weight: inherit; font-stretch: inherit; line-height: inherit; font-size: 1em; vertical-align: baseline;\\\">Modelo de negocio y estrategia comercial y de ventas<\/em>\u00a0y, finalmente,\u00a0<em style=\\\"box-sizing: border-box; margin: 0px; padding: 0px; border: 0px; font-variant: inherit; font-weight: inherit; font-stretch: inherit; line-height: inherit; font-size: 1em; vertical-align: baseline;\\\">Marketing on line y dise\u00f1o web<\/em>\u00a0son los cuatro ep\u00edgrafes de las sesiones.<\/p>\n<p class=\\\"MsoNormal\\\" style=\\\"box-sizing: border-box; margin: 0px 0px 10px; padding: 0px; border: 0px; font-stretch: inherit; line-height: 1.5em; font-family: Arial; font-size: 14px; vertical-align: baseline; color: #333333; background-color: #ffffff;\\\">\n<p>Declaraciones de Concha D\u00edaz de Villegas, Directora General de Comercio y Emprendiminento del Ayuntamiento de Madrid.<\/p>\n<p><audio src=\\\"\/images\/public\/source\/audios\/ConchaDiazVillegasCampanaApoyoEmprendimiento-09-04.mp3\\\" controls=\\\"controls\\\">ConchaDiazVillegasCampanaApoyoEmprendimiento-09-04<\/audio><\/p>\n<p>Fuente:\u00a0<a href=\\\"http:\/\/www.madrid.es\/portales\/munimadrid\/es\/Inicio\/El-Ayuntamiento\/Medios-de-comunicacion\/Todas-las-noticias\/Si-piensas-que-no-puedes-no-podras-campana-de-apoyo-al-emprendimiento?vgnextfmt=default&#038;vgnextoid=a2f9a0d4c16f3510VgnVCM1000001d4a900aRCRD&#038;vgnextchannel=e40362215c483510VgnVCM2000001f4a900aRCRD\\\" target=\\\"_blank\\\">Ayuntamiento de Madrid<\/a><\/p>\n","protected":false},"excerpt":{"rendered":"<p>Si piensas que\u00a0no\u00a0puedes\u00a0no\u00a0podr\u00e1s. Bajo ese lema el \u00c1rea de Equidad,&#8230;<\/p>\n","protected":false},"featured_media":7121,"template":"","meta":{"_acf_changed":false},"categories":[],"noticias":[],"class_list":["post-7120","noticias","type-noticias","status-publish","has-post-thumbnail","hentry"],"acf":[],"_links":{"self":[{"href":"https:\/\/test.madridemprende.anovagroup.es\/fr\/wp-json\/wp\/v2\/noticias\/7120"}],"collection":[{"href":"https:\/\/test.madridemprende.anovagroup.es\/fr\/wp-json\/wp\/v2\/noticias"}],"about":[{"href":"https:\/\/test.madridemprende.anovagroup.es\/fr\/wp-json\/wp\/v2\/types\/noticias"}],"version-history":[{"count":0,"href":"https:\/\/test.madridemprende.anovagroup.es\/fr\/wp-json\/wp\/v2\/noticias\/7120\/revisions"}],"wp:featuredmedia":[{"embeddable":true,"href":"https:\/\/test.madridemprende.anovagroup.es\/fr\/wp-json\/wp\/v2\/media\/7121"}],"wp:attachment":[{"href":"https:\/\/test.madridemprende.anovagroup.es\/fr\/wp-json\/wp\/v2\/media?parent=7120"}],"wp:term":[{"taxonomy":"category","embeddable":true,"href":"https:\/\/test.madridemprende.anovagroup.es\/fr\/wp-json\/wp\/v2\/categories?post=7120"},{"taxonomy":"noticias","embeddable":true,"href":"https:\/\/test.madridemprende.anovagroup.es\/fr\/wp-json\/wp\/v2\/noticias?post=7120"}],"curies":[{"name":"wp","href":"https:\/\/api.w.org\/{rel}","templated":true}]}}