{"id":7124,"date":"2016-04-19T00:00:00","date_gmt":"2016-04-19T00:00:00","guid":{"rendered":"https:\/\/pre.madridemprende.anovagroup.es\/noticias\/la-plaza-gastronmica-el-nuevo-espacio-del-mercado-municipal-de-chamber\/"},"modified":"2022-06-08T11:25:45","modified_gmt":"2022-06-08T09:25:45","slug":"la-plaza-gastronmica-el-nuevo-espacio-del-mercado-municipal-de-chamber","status":"publish","type":"noticias","link":"https:\/\/test.madridemprende.anovagroup.es\/fr\/noticias\/la-plaza-gastronmica-el-nuevo-espacio-del-mercado-municipal-de-chamber\/","title":{"rendered":"\u201cLa Plaza gastron\u00f3mica\u201d el nuevo espacio del Mercado Municipal de Chamber\u00ed"},"content":{"rendered":"<p>El <a href=\\\"http:\/\/www.mercadodechamberi.es\/\\\">Mercado de Chamber\u00ed<\/a> es el \u00faltimo por el momento en incorporarse al nuevo concepto de fusi\u00f3n gastron\u00f3mica que se est\u00e1 implantando en los <a href=\\\"\/es\/mercados\/mercados-de-madrid\\\">Mercados Municipales de Madrid<\/a> en los \u00faltimos tiempos.<\/p>\n<p>As\u00ed es como surge \u201cLa Plaza Gastron\u00f3mica de Chamber\u00ed\u201d, un espacio que re\u00fane una oferta de calidad a partir de los productos del propio mercado, y cuyo p\u00fablico objetivo son los cada vez m\u00e1s numerosos\u00a0<em>foodies<\/em>\u00a0madrile\u00f1os y los vecinos del barrio.<\/p>\n<p>Marta Higueras, primera teniente de alcalde y delegada del \u00c1rea de Gobierno de Equidad, Derechos Sociales y Empleo, ha sido la encargada de inaugurar este punto de encuentro gastron\u00f3mico, dentro del conjunto de acciones emprendidas por el Ayuntamiento de Madrid orientadas a la modernizaci\u00f3n de los mercados madrile\u00f1os, contribuyendo al fomento y dinamizaci\u00f3n del comercio de barrio y del empleo, y ofreciendo a los vecinos nuevas ofertas de ocio gastron\u00f3mico. .<\/p>\n<p>Este proyecto presentado por la Asociaci\u00f3n de comerciantes que gestiona el mercado se ha ejecutado entre 2015 y 2016, con un presupuesto que supera los 400.000\u20ac fruto de financiaci\u00f3n p\u00fablico-privada, a trav\u00e9s de la inversi\u00f3n de los comerciantes del mercado y las administraciones municipal y auton\u00f3mica.<\/p>\n<p>\u201cLa Plaza Gastron\u00f3mica de Chamber\u00ed\u201d, se suma a la oferta culinaria madrile\u00f1a con propuestas originales y divertidas a precios aptos para todos los bolsillos. Street food, platos castizos, cocina fusi\u00f3n, tapas 3D, cervezas\u2026\u00a0son algunas de las bazas de los\u00a0 restaurantes\u00a0que ocupan esta plaza en el interior del\u00a0mercado de abastos<\/p>\n","protected":false},"excerpt":{"rendered":"<p>El Mercado de Chamber\u00ed es el \u00faltimo por el momento en incorporarse al nuevo&#8230;<\/p>\n","protected":false},"featured_media":7125,"template":"","meta":{"_acf_changed":false},"categories":[],"noticias":[],"class_list":["post-7124","noticias","type-noticias","status-publish","has-post-thumbnail","hentry"],"acf":[],"_links":{"self":[{"href":"https:\/\/test.madridemprende.anovagroup.es\/fr\/wp-json\/wp\/v2\/noticias\/7124"}],"collection":[{"href":"https:\/\/test.madridemprende.anovagroup.es\/fr\/wp-json\/wp\/v2\/noticias"}],"about":[{"href":"https:\/\/test.madridemprende.anovagroup.es\/fr\/wp-json\/wp\/v2\/types\/noticias"}],"version-history":[{"count":0,"href":"https:\/\/test.madridemprende.anovagroup.es\/fr\/wp-json\/wp\/v2\/noticias\/7124\/revisions"}],"wp:featuredmedia":[{"embeddable":true,"href":"https:\/\/test.madridemprende.anovagroup.es\/fr\/wp-json\/wp\/v2\/media\/7125"}],"wp:attachment":[{"href":"https:\/\/test.madridemprende.anovagroup.es\/fr\/wp-json\/wp\/v2\/media?parent=7124"}],"wp:term":[{"taxonomy":"category","embeddable":true,"href":"https:\/\/test.madridemprende.anovagroup.es\/fr\/wp-json\/wp\/v2\/categories?post=7124"},{"taxonomy":"noticias","embeddable":true,"href":"https:\/\/test.madridemprende.anovagroup.es\/fr\/wp-json\/wp\/v2\/noticias?post=7124"}],"curies":[{"name":"wp","href":"https:\/\/api.w.org\/{rel}","templated":true}]}}