{"id":7126,"date":"2016-04-26T00:00:00","date_gmt":"2016-04-26T00:00:00","guid":{"rendered":"https:\/\/pre.madridemprende.anovagroup.es\/noticias\/as-ha-sido-expofranquicia-2016\/"},"modified":"2022-06-08T11:25:45","modified_gmt":"2022-06-08T09:25:45","slug":"as-ha-sido-expofranquicia-2016","status":"publish","type":"noticias","link":"https:\/\/test.madridemprende.anovagroup.es\/fr\/noticias\/as-ha-sido-expofranquicia-2016\/","title":{"rendered":"As\u00ed ha sido Expofranquicia 2016"},"content":{"rendered":"<p>El pasado jueves 21 abri\u00f3 sus puertas <a href=\\\"http:\/\/www.ifema.es\/expofranquicia_01\/\\\">EXPOFRANQUICIA 2016<\/a>, \u00a0la feria l\u00edder \u00a0de la franquicia en nuestro pa\u00eds y una de los eventos m\u00e1s representativos y destacados del \u00e1mbito internacional.<\/p>\n<p>El encargado de inaugurar la edici\u00f3n m\u00e1s internacional hasta la fecha fue el Secretario de Estado de Comercio del Ministerio de Econom\u00eda, <strong>Jaime Garc\u00eda-Legaz, <\/strong>acompa\u00f1ado por la Carmen C\u00e1rdeno, Directora de Comercio Interior del Ministerio de Econom\u00eda; <strong>Concha D\u00edaz de Villegas<\/strong>, Directora General de Comercio y Emprendimiento del Ayuntamiento de Madrid;\u00a0 \u00c1ngel Luis Mart\u00edn Mart\u00edn, Subdirector General de Entidades Comerciales y Gesti\u00f3n de la Comunidad de Madrid.<\/p>\n<p>Tras cortar la banda inaugural, el comit\u00e9 realiz\u00f3 un recorrido por los stands m\u00e1s representativos de la feria. Entre ellos se encontraba el perteneciente a la Direcci\u00f3n General de Comercio y Emprendimiento del Ayuntamiento de Madrid, en el que se mostr\u00f3 c\u00f3mo se ofrece asesoramiento e informaci\u00f3n a todo aquel que se acerque al stand, promoviendo la creaci\u00f3n de nuevos proyectos y aproximando las herramientas para la consecuci\u00f3n de los mismos.<\/p>\n<p>Los datos recogidos durante estos 3 d\u00edas dejan ver un p\u00fablico de alta cualificaci\u00f3n, de los que el 70% declararon su intenci\u00f3n decidida de invertir. Tambi\u00e9n ha aumentado el presupuesto previsto para dichas inversiones, destacando especialmente las franquicias que requieren presupuestos por encima de los 180.000\u20ac.<\/p>\n<p>Esta edici\u00f3n, que ha recibido 15.711 visitas, destaca por su gran pluralidad, en el que marcas consolidadas se han entremezclado con nuevos conceptos de negocio aportando un crisol de diversidad a los 20 sectores de exposici\u00f3n, con cientos de ideas adaptadas a todos los presupuestos.<\/p>\n<p>Para completar la oferta, adem\u00e1s de las habituales franquicias espa\u00f1olas este a\u00f1o destaca la aparici\u00f3n de ense\u00f1as procedentes de Portugal, Malta, Italia, Francia, Estados Unidos, China, B\u00e9lgica, Australia, Austria y Andorra.<\/p>\n<p>El evento ha congregado nuevas ideas enfocadas al mundo infantil, con ense\u00f1as centradas en la moda para ni\u00f1os y en actividades extraescolares dedicadas a fomentar el aprendizaje de distintas materias.<\/p>\n<p>De esta manera Expofranquicia se ha establecido como escaparate de nuevos conceptos de negocio, que aportan una visi\u00f3n de las tendencias actuales y su adaptaci\u00f3n de la f\u00f3rmula de la franquicia a la demanda y nuevos h\u00e1bitos de los consumidores.<\/p>\n<p>Pincha aqu\u00ed para ver m\u00e1s fotos de ->\u00a0<a href=\\\"https:\/\/www.facebook.com\/media\/set\/?set=a.10154044905997165.1073741844.151754117164&#038;type=3\\\" target=\\\"_blank\\\">Expofranquicia 2016<\/a><\/p>\n","protected":false},"excerpt":{"rendered":"<p>El pasado jueves 21 abri\u00f3 sus puertas EXPOFRANQUICIA 2016, \u00a0la feria l\u00edder&#8230;<\/p>\n","protected":false},"featured_media":7127,"template":"","meta":{"_acf_changed":false},"categories":[],"noticias":[],"class_list":["post-7126","noticias","type-noticias","status-publish","has-post-thumbnail","hentry"],"acf":[],"_links":{"self":[{"href":"https:\/\/test.madridemprende.anovagroup.es\/fr\/wp-json\/wp\/v2\/noticias\/7126"}],"collection":[{"href":"https:\/\/test.madridemprende.anovagroup.es\/fr\/wp-json\/wp\/v2\/noticias"}],"about":[{"href":"https:\/\/test.madridemprende.anovagroup.es\/fr\/wp-json\/wp\/v2\/types\/noticias"}],"version-history":[{"count":0,"href":"https:\/\/test.madridemprende.anovagroup.es\/fr\/wp-json\/wp\/v2\/noticias\/7126\/revisions"}],"wp:featuredmedia":[{"embeddable":true,"href":"https:\/\/test.madridemprende.anovagroup.es\/fr\/wp-json\/wp\/v2\/media\/7127"}],"wp:attachment":[{"href":"https:\/\/test.madridemprende.anovagroup.es\/fr\/wp-json\/wp\/v2\/media?parent=7126"}],"wp:term":[{"taxonomy":"category","embeddable":true,"href":"https:\/\/test.madridemprende.anovagroup.es\/fr\/wp-json\/wp\/v2\/categories?post=7126"},{"taxonomy":"noticias","embeddable":true,"href":"https:\/\/test.madridemprende.anovagroup.es\/fr\/wp-json\/wp\/v2\/noticias?post=7126"}],"curies":[{"name":"wp","href":"https:\/\/api.w.org\/{rel}","templated":true}]}}