{"id":7136,"date":"2016-06-06T00:00:00","date_gmt":"2016-06-06T00:00:00","guid":{"rendered":"https:\/\/pre.madridemprende.anovagroup.es\/noticias\/gira-de-mercaderes-2016-en-los-mercados-municipales\/"},"modified":"2022-06-08T11:25:40","modified_gmt":"2022-06-08T09:25:40","slug":"gira-de-mercaderes-2016-en-los-mercados-municipales","status":"publish","type":"noticias","link":"https:\/\/test.madridemprende.anovagroup.es\/fr\/noticias\/gira-de-mercaderes-2016-en-los-mercados-municipales\/","title":{"rendered":"Gira de Mercaderes 2016 en los mercados municipales"},"content":{"rendered":"<p><span style=\\\"line-height: 120%; text-indent: 35.4pt;\\\">El calendario de \u201cGira de Mercaderes\u201d es el siguiente.<\/span><br \/><!-- [if !supportLists]--><\/p>\n<div style=\\\"padding-left: 30px;\\\"><span style=\\\"font-size: 12.0pt; line-height: 120%; font-family: Symbol; mso-fareast-font-family: Symbol; mso-bidi-font-family: Symbol; mso-ansi-language: ES;\\\">\u00b7<span style=\\\"font-stretch: normal; font-size: 7pt; line-height: normal; font-family: \\'Times New Roman\\';\\\">\u00a0\u00a0\u00a0\u00a0 <\/span><\/span><span style=\\\"font-size: 12.0pt; line-height: 120%; mso-bidi-font-family: Calibri; mso-ansi-language: ES;\\\">Mercado de Barcel\u00f3: s\u00e1bado 21 de mayo.<\/span><\/div>\n<div style=\\\"padding-left: 30px;\\\"><!-- [if !supportLists]--><span style=\\\"font-size: 12.0pt; line-height: 120%; font-family: Symbol; mso-fareast-font-family: Symbol; mso-bidi-font-family: Symbol; mso-ansi-language: ES;\\\">\u00b7<span style=\\\"font-stretch: normal; font-size: 7pt; line-height: normal; font-family: \\'Times New Roman\\';\\\">\u00a0\u00a0\u00a0\u00a0 <\/span><\/span><!--[endif]--><span style=\\\"font-size: 12.0pt; line-height: 120%; mso-bidi-font-family: Calibri; mso-ansi-language: ES;\\\">Mercado de Tirso de Molina: s\u00e1bados 28 de mayo y 18 de junio.<\/span><\/div>\n<div style=\\\"padding-left: 30px;\\\"><!-- [if !supportLists]--><span style=\\\"font-size: 12.0pt; line-height: 120%; font-family: Symbol; mso-fareast-font-family: Symbol; mso-bidi-font-family: Symbol; mso-ansi-language: ES;\\\">\u00b7<span style=\\\"font-stretch: normal; font-size: 7pt; line-height: normal; font-family: \\'Times New Roman\\';\\\">\u00a0\u00a0\u00a0\u00a0 <\/span><\/span><!--[endif]--><span style=\\\"font-size: 12.0pt; line-height: 120%; mso-bidi-font-family: Calibri; mso-ansi-language: ES;\\\">Mercado de Prosperidad: s\u00e1bados 4 y 25 de junio.<\/span><\/div>\n<div style=\\\"padding-left: 30px;\\\"><!-- [if !supportLists]--><span style=\\\"font-size: 12.0pt; line-height: 120%; font-family: Symbol; mso-fareast-font-family: Symbol; mso-bidi-font-family: Symbol; mso-ansi-language: ES;\\\">\u00b7<span style=\\\"font-stretch: normal; font-size: 7pt; line-height: normal; font-family: \\'Times New Roman\\';\\\">\u00a0\u00a0\u00a0\u00a0 <\/span><\/span><!--[endif]--><span style=\\\"font-size: 12.0pt; line-height: 120%; mso-bidi-font-family: Calibri; mso-ansi-language: ES;\\\">Mercado de La Guindalera: s\u00e1bado 11 de junio.<\/span><\/div>\n<p><\/p>\n<div style=\\\"text-align: justify;\\\"><span style=\\\"font-size: 12.0pt; line-height: 120%; mso-bidi-font-family: Calibri; mso-ansi-language: ES;\\\">A trav\u00e9s de \u201cGira de Mercaderes\u201d se pretende dar a emprendedores, nuevos creadores, dise\u00f1adores independientes y comerciantes la oportunidad de dar a conocer sus productos y creaciones, atrayendo de esta forma al entorno de los mercados municipales a un p\u00fablico poco familiarizado con el mercado tradicional y sus productos de primera calidad. Los propios comerciantes de los mercados tendr\u00e1n tambi\u00e9n ocasi\u00f3n para sacar sus productos a la calle y ofrecerlos al p\u00fablico que se acerque.<br \/><\/span><\/div>\n<p><\/p>\n<p class=\\\"MsoNormal\\\" style=\\\"text-align: justify; text-indent: 35.45pt; line-height: 120%; margin: 6.0pt 0cm 6.0pt 0cm;\\\"><span style=\\\"font-size: 12.0pt; line-height: 120%; mso-bidi-font-family: Calibri; mso-ansi-language: ES;\\\">Para m\u00e1s informaci\u00f3n,<\/p>\n<p><\/span><span lang=\\\"EN-US\\\"><span lang=\\\"ES\\\" style=\\\"font-size: 12.0pt; line-height: 120%; mso-bidi-font-family: Calibri; mso-ansi-language: ES;\\\"><a href=\\\"http:\/\/www.girademercaderes.com\/#!noticias\/rvpe3\\\" target=\\\"_blank\\\">Blog de \\\u00bbGira de Mercaderes\\\u00bb,\u00a0con las \u00faltimas noticias de este evento.<\/a><\/p>\n<p>\u00a0 \u00a0 \u00a0 \u00a0 \u00a0 \u00a0Y en,<\/p>\n<p><\/span><\/span><\/p>\n","protected":false},"excerpt":{"rendered":"<p>El calendario de \u201cGira de Mercaderes\u201d es el siguiente.<br \/>\n\u00b7\u00a0\u00a0\u00a0\u00a0 Mercado de&#8230;<\/p>\n","protected":false},"featured_media":7137,"template":"","meta":{"_acf_changed":false},"categories":[],"noticias":[],"class_list":["post-7136","noticias","type-noticias","status-publish","has-post-thumbnail","hentry"],"acf":[],"_links":{"self":[{"href":"https:\/\/test.madridemprende.anovagroup.es\/fr\/wp-json\/wp\/v2\/noticias\/7136"}],"collection":[{"href":"https:\/\/test.madridemprende.anovagroup.es\/fr\/wp-json\/wp\/v2\/noticias"}],"about":[{"href":"https:\/\/test.madridemprende.anovagroup.es\/fr\/wp-json\/wp\/v2\/types\/noticias"}],"version-history":[{"count":0,"href":"https:\/\/test.madridemprende.anovagroup.es\/fr\/wp-json\/wp\/v2\/noticias\/7136\/revisions"}],"wp:featuredmedia":[{"embeddable":true,"href":"https:\/\/test.madridemprende.anovagroup.es\/fr\/wp-json\/wp\/v2\/media\/7137"}],"wp:attachment":[{"href":"https:\/\/test.madridemprende.anovagroup.es\/fr\/wp-json\/wp\/v2\/media?parent=7136"}],"wp:term":[{"taxonomy":"category","embeddable":true,"href":"https:\/\/test.madridemprende.anovagroup.es\/fr\/wp-json\/wp\/v2\/categories?post=7136"},{"taxonomy":"noticias","embeddable":true,"href":"https:\/\/test.madridemprende.anovagroup.es\/fr\/wp-json\/wp\/v2\/noticias?post=7136"}],"curies":[{"name":"wp","href":"https:\/\/api.w.org\/{rel}","templated":true}]}}