{"id":7138,"date":"2016-05-10T00:00:00","date_gmt":"2016-05-10T00:00:00","guid":{"rendered":"https:\/\/pre.madridemprende.anovagroup.es\/noticias\/musicdealers-en-el-mercado-de-la-cebada-san-isidro-2016\/"},"modified":"2022-06-08T11:25:43","modified_gmt":"2022-06-08T09:25:43","slug":"musicdealers-en-el-mercado-de-la-cebada-san-isidro-2016","status":"publish","type":"noticias","link":"https:\/\/test.madridemprende.anovagroup.es\/fr\/noticias\/musicdealers-en-el-mercado-de-la-cebada-san-isidro-2016\/","title":{"rendered":"Music&#038;Dealers en el Mercado de la Cebada (San Isidro 2016)"},"content":{"rendered":"<p><span style=\\\"font-size: 12.0pt; line-height: 115%; mso-ansi-language: ES;\\\">Un a\u00f1o m\u00e1s el <strong>Mercado Municipal de la Cebada<\/strong> se llena de m\u00fasica de todo tipo, artistas, puestos de comida, expositores, talleres, charlas, debates, radio, streaming y cultura clubbing durante tres d\u00edas, del 13 al 15 de mayo, uno de los eventos incluido dentro de la programaci\u00f3n de las Fiestas de San Isidro 2016 y de la campa\u00f1a \u201cMe Gusta Mi Mercado 2016\u201d (Love Your Local Market-LYLM 2016).<br \/><\/span><br \/><span style=\\\"font-size: 12.0pt; line-height: 115%; mso-ansi-language: ES;\\\">Esto ser\u00e1 <strong>Music &#038; Dealers<\/strong>, un compendio de actividades que, ya en su segunda edici\u00f3n, busca ofrecer una experiencia completa para ni\u00f1os y adultos, amantes de la m\u00fasica y la tecnolog\u00eda. Este a\u00f1o Music &#038; Dealers aglutinar\u00e1 a un elevado n\u00famero de artistas y firmas locales, y es por ello que no se nos ocurre mejor manera de disfrutar de las fiestas del patr\u00f3n que a\u00f1adiendo a su contenido habitual una propuesta tan multidisciplinar, abierta y variada como esta.<\/span> <\/p>\n<p><span style=\\\"font-size: 12.0pt; line-height: 115%; mso-ansi-language: ES;\\\">M\u00e1s informaci\u00f3n en:<\/span> <\/p>\n<p><span lang=\\\"EN-US\\\"><a href=\\\"http:\/\/www.musicanddealers.com\/\\\"><span lang=\\\"ES\\\" style=\\\"font-size: 12.0pt; line-height: 115%; mso-ansi-language: ES;\\\">www.musicanddealers.com<\/span><\/a><\/span> <br \/><span lang=\\\"EN-US\\\"><a href=\\\"http:\/\/www.madrid.es\/UnidadesDescentralizadas\/UDCMedios\/noticias\/2016\/04Abril\/25Lunes\/Presentaci%C3%B3n%20San%20Isidro\/ficheros\/dossier%20San%20Isidro.pdf\\\"><span lang=\\\"ES\\\" style=\\\"font-size: 12.0pt; line-height: 115%; mso-ansi-language: ES;\\\">Programaci\u00f3n San Isidro 2016<\/span><\/a><\/span> <br \/><span lang=\\\"EN-US\\\" style=\\\"font-size: 12pt;\\\"><span lang=\\\"ES\\\"><a href=\\\"https:\/\/vimeo.com\/165434547\\\" target=\\\"_blank\\\">Video Music&#038;Dealers San Isidro 2016<br \/><\/a><a href=\\\"https:\/\/www.youtube.com\/watch?v=NVvjUJAnDfo\\\" target=\\\"_blank\\\">V\u00eddeo desarrollo evento Music&#038;Dealers<\/a><\/span><\/span><\/p>\n","protected":false},"excerpt":{"rendered":"<p>Un a\u00f1o m\u00e1s el Mercado Municipal de la Cebada se llena de m\u00fasica de todo&#8230;<\/p>\n","protected":false},"featured_media":7139,"template":"","meta":{"_acf_changed":false},"categories":[],"noticias":[],"class_list":["post-7138","noticias","type-noticias","status-publish","has-post-thumbnail","hentry"],"acf":[],"_links":{"self":[{"href":"https:\/\/test.madridemprende.anovagroup.es\/fr\/wp-json\/wp\/v2\/noticias\/7138"}],"collection":[{"href":"https:\/\/test.madridemprende.anovagroup.es\/fr\/wp-json\/wp\/v2\/noticias"}],"about":[{"href":"https:\/\/test.madridemprende.anovagroup.es\/fr\/wp-json\/wp\/v2\/types\/noticias"}],"version-history":[{"count":0,"href":"https:\/\/test.madridemprende.anovagroup.es\/fr\/wp-json\/wp\/v2\/noticias\/7138\/revisions"}],"wp:featuredmedia":[{"embeddable":true,"href":"https:\/\/test.madridemprende.anovagroup.es\/fr\/wp-json\/wp\/v2\/media\/7139"}],"wp:attachment":[{"href":"https:\/\/test.madridemprende.anovagroup.es\/fr\/wp-json\/wp\/v2\/media?parent=7138"}],"wp:term":[{"taxonomy":"category","embeddable":true,"href":"https:\/\/test.madridemprende.anovagroup.es\/fr\/wp-json\/wp\/v2\/categories?post=7138"},{"taxonomy":"noticias","embeddable":true,"href":"https:\/\/test.madridemprende.anovagroup.es\/fr\/wp-json\/wp\/v2\/noticias?post=7138"}],"curies":[{"name":"wp","href":"https:\/\/api.w.org\/{rel}","templated":true}]}}