{"id":7144,"date":"2016-05-17T00:00:00","date_gmt":"2016-05-17T00:00:00","guid":{"rendered":"https:\/\/pre.madridemprende.anovagroup.es\/noticias\/madrid-quiere-a-sus-mercados\/"},"modified":"2022-06-08T11:25:42","modified_gmt":"2022-06-08T09:25:42","slug":"madrid-quiere-a-sus-mercados","status":"publish","type":"noticias","link":"https:\/\/test.madridemprende.anovagroup.es\/fr\/noticias\/madrid-quiere-a-sus-mercados\/","title":{"rendered":"Madrid quiere a sus mercados"},"content":{"rendered":"<div style=\\\"text-align: justify;\\\">El Ayuntamiento de Madrid, a trav\u00e9s de la Direcci\u00f3n General de Comercio y Emprendimiento, se ha sumado a la campa\u00f1a internacional \u201cMe gusta mi Mercado-2016\u201d (Love your local market), una iniciativa surgida en Reino Unido para apoyar el comercio local y los mercados tradicionales. Promovida por la World Union of Wholesale Markets, cuenta con la participaci\u00f3n de mercados de Espa\u00f1a, Reino Unido, Francia, Alemania, Holanda, Polonia, Italia, Irlanda, B\u00e9lgica, Grecia, Dinamarca, Suecia, Hungr\u00eda, Serbia, Hong Kong y Estados Unidos. Este a\u00f1o se celebra en la segunda quincena de mayo bajo el lema \u201cMarkets: Your healthy choice\u201d.<\/div>\n<div style=\\\"text-align: justify;\\\">Haciendo suyo el lema, la Direcci\u00f3n General de Comercio y Emprendimiento, dependiente del \u00c1rea de Equidad, Derechos Sociales y Empleo, ha puesto en marcha la campa\u00f1a \u201cMe gusta mi mercado. Come Sano, Come de Mercado\u201d con una intensa actividad informativa \u00a0a nivel institucional, campa\u00f1a publicitaria, adem\u00e1s de numerosos eventos y actividades de promoci\u00f3n que se realizar\u00e1n en los 46 mercados municipales de Madrid. \u00a0Destacar el que se va a realizar el pr\u00f3ximo d\u00eda 26 de mayo en la plaza de Prosperidad con la grabaci\u00f3n de un programa especial para Canal Cocina, promocionando la cocina de mercado. A partir del pr\u00f3ximo d\u00eda 16 marquesinas y autobuses de la EMT, monopostes, mupis y otros soportes publicitarios mostrar\u00e1n \u00a0a la ciudad las im\u00e1genes de las dos carteler\u00edas \u00a0\u2013La comida nos une y Come Sano, Come de Mercado\u2013 que resumen y visualizan la estrecha relaci\u00f3n de Madrid con sus mercados.<\/div>\n<div style=\\\"text-align: justify;\\\">Desde la Direcci\u00f3n de Comercio no se ha querido dejar pasar una iniciativa mundial para seguir en su estrategia de promover la reactivaci\u00f3n y dinamizaci\u00f3n del comercio local y de su red de 46 mercados municipales que, por su situaci\u00f3n estrat\u00e9gica, desempe\u00f1an un valioso papel dinamizador y revitalizador de la vida de los barrios, ofreciendo un servicio cercano y de calidad como l\u00edderes en la venta de productos frescos.\u00a0<\/div>\n<div style=\\\"text-align: justify;\\\"><em><strong>La comida nos une.<\/strong><\/em><\/div>\n<div style=\\\"text-align: justify;\\\">Durante esta quincena a punto de iniciarse, Madrid declara su amor por sus mercados con un huevo frito, un coraz\u00f3n y dos lemas, \u201cla comida nos une\u201d y \u201ccome sano, come de mercado\u201d. Los carteles del primero estar\u00e1n en 80 mupis, 25 columnas, 115 marquesinas y 40 autobuses de la EMT. El coraz\u00f3n con la leyenda \u201cMe gusta mi mercado\u201d, escrito en los idiomas de todos los pa\u00edses que participan en la campa\u00f1a internacional lucir\u00e1 en 100 mupis y 20 columnas repartidas por la ciudad.<\/div>\n<div style=\\\"text-align: justify;\\\"><em><strong>M\u00e1s informaci\u00f3n:<br \/><\/strong><\/em><br \/><strong><a href=\\\"http:\/\/www.madrid.es\/UnidadesDescentralizadas\/UDCMedios\/noticias\/2016\/05Mayo\/15Domingo\/Notasprensa\/Mercados\/ficheros\/ConchaDiazDeVillegas-%20AmoMiMercado13-05.mp3\\\" target=\\\"_blank\\\">Declaraciones de la Directora General de Comercio y Emprendimiento<br \/><\/a><\/strong><em><strong><br \/><\/strong><\/em><strong><a href=\\\"\/images\/public\/source\/MERCADOS\/ACTOS DE PROMOCION\/AMO MI MERCADO 2016\/Actividades mercados LYLM para web marca de agua 03.pdf\\\" target=\\\"_blank\\\">Actividades y eventos en mercados municipales<\/a><a href=\\\"\/images\/public\/source\/MERCADOS\/ACTOS%20DE%20PROMOCION\/AMO%20MI%20MERCADO%202016\/Actividades%20mercados%20LYLM%20para%20web%20marca%20de%20agua.pdf\\\" target=\\\"_blank\\\"><br \/><\/a><\/strong><\/p>\n<div><strong><a href=\\\"http:\/\/www.loveyourlocalmarket.gb.com\/\\\" target=\\\"_blank\\\">Campa\u00f1a Internacional \u201cLove Your Local Market-LYLM-2016\u201d<\/a><\/strong><br \/><strong><a href=\\\"https:\/\/es-es.facebook.com\/loveyourlocalmarket\/\\\" target=\\\"_blank\\\">https:\/\/www.facebook.com\/loveyourlocalmarketglobal\/<\/a><\/strong><\/div>\n<p><em><strong>Videos:<br \/><\/strong><\/em><strong><em><br \/><\/em><\/strong><a href=\\\"\/images\/public\/source\/MERCADOS\/X-YO AMO MI MERCADO LA PAZ 1-CO.mp4\\\" target=\\\"_blank\\\">Mercado de La Paz (1)<\/a><br \/><a style=\\\"text-align: start;\\\" href=\\\"https:\/\/youtu.be\/GuyD1Sg7VcE\\\" target=\\\"_blank\\\">Mercado de La Paz (2)<br \/><\/a><a style=\\\"text-align: start;\\\" href=\\\"https:\/\/youtu.be\/w_CFWiTQAbY\\\">Mercado de Chamber\u00ed (1)<br \/><\/a><a style=\\\"text-align: start;\\\" href=\\\"https:\/\/youtu.be\/avBRYMpxTpc\\\" target=\\\"_blank\\\">Mercado de Chamber\u00ed (2)<\/a><br style=\\\"text-align: start;\\\" \/><a style=\\\"text-align: start;\\\" href=\\\"https:\/\/youtu.be\/lo7tK7Q1JdI\\\" target=\\\"_blank\\\">Mercado de Chamber\u00ed (3)<br \/><\/a><a style=\\\"text-align: start;\\\" href=\\\"https:\/\/youtu.be\/7V-3njBIgSY\\\" target=\\\"_blank\\\">Mercado de Maravillas (1)<\/a><br style=\\\"text-align: start;\\\" \/><a style=\\\"text-align: start;\\\" href=\\\"https:\/\/youtu.be\/aFdQn7rXAFU\\\" target=\\\"_blank\\\">Mercado de Maravillas (2)<\/a><br style=\\\"text-align: start;\\\" \/><a style=\\\"text-align: start;\\\" href=\\\"https:\/\/youtu.be\/7x9-FBZhHdg\\\" target=\\\"_blank\\\">Enganchados Wally Mercados<br \/><\/a><a href=\\\"https:\/\/www.youtube.com\/watch?v=oP47v5n-oII\\\" target=\\\"_blank\\\">Mercado de Las \u00c1guilas<\/a><a href=\\\"\/images\/public\/source\/MERCADOS\/X-YO AMO MI MERCADO LA PAZ 2-CO.mp4\\\" target=\\\"_blank\\\"><\/p>\n<p><\/a><em><strong>Noticias sobre actividades realizados en mercados:<\/p>\n<p><\/strong><\/em><a href=\\\"http:\/\/www.madrid.es\/portales\/munimadrid\/es\/Inicio\/El-Ayuntamiento\/Medios-de-comunicacion\/Todas-las-noticias\/Arte-gastronomia-y-tradicion-se-unen-en-la-exposicion-Dibujo-Mercado?vgnextfmt=default&#038;vgnextoid=a784f6c0fc8c4510VgnVCM1000001d4a900aRCRD&#038;vgnextchannel=e40362215c483510VgnVCM2000001f4a900aRCRD\\\" target=\\\"_blank\\\">Mercado de San Ant\u00f3n: \\\u00bbDibujo Mercado\\\u00bb<\/a><\/p>\n<p><a href=\\\"\/images\/public\/source\/MERCADOS\/ACTOS DE PROMOCION\/AMO MI MERCADO 2016\/Np Canal Cocina Yo amo mi mercado de Madrid.pdf\\\" target=\\\"_blank\\\">Mercado de Prosperidad: Grabaci\u00f3n de programa de \\\u00bbCanal Cocina\\\u00bb<\/a><a style=\\\"text-align: justify;\\\" href=\\\"http:\/\/www.madrid.es\/portales\/munimadrid\/es\/Inicio\/El-Ayuntamiento\/Medios-de-comunicacion\/Todas-las-noticias\/Arte-gastronomia-y-tradicion-se-unen-en-la-exposicion-Dibujo-Mercado?vgnextfmt=default&#038;vgnextoid=a784f6c0fc8c4510VgnVCM1000001d4a900aRCRD&#038;vgnextchannel=e40362215c483510VgnVCM2000001f4a900aRCRD\\\" target=\\\"_blank\\\"><\/p>\n<p><\/a><\/p>\n<\/div>\n","protected":false},"excerpt":{"rendered":"<p>El Ayuntamiento de Madrid, a trav\u00e9s de la Direcci\u00f3n General de Comercio y&#8230;<\/p>\n","protected":false},"featured_media":7145,"template":"","meta":{"_acf_changed":false},"categories":[],"noticias":[],"class_list":["post-7144","noticias","type-noticias","status-publish","has-post-thumbnail","hentry"],"acf":[],"_links":{"self":[{"href":"https:\/\/test.madridemprende.anovagroup.es\/fr\/wp-json\/wp\/v2\/noticias\/7144"}],"collection":[{"href":"https:\/\/test.madridemprende.anovagroup.es\/fr\/wp-json\/wp\/v2\/noticias"}],"about":[{"href":"https:\/\/test.madridemprende.anovagroup.es\/fr\/wp-json\/wp\/v2\/types\/noticias"}],"version-history":[{"count":0,"href":"https:\/\/test.madridemprende.anovagroup.es\/fr\/wp-json\/wp\/v2\/noticias\/7144\/revisions"}],"wp:featuredmedia":[{"embeddable":true,"href":"https:\/\/test.madridemprende.anovagroup.es\/fr\/wp-json\/wp\/v2\/media\/7145"}],"wp:attachment":[{"href":"https:\/\/test.madridemprende.anovagroup.es\/fr\/wp-json\/wp\/v2\/media?parent=7144"}],"wp:term":[{"taxonomy":"category","embeddable":true,"href":"https:\/\/test.madridemprende.anovagroup.es\/fr\/wp-json\/wp\/v2\/categories?post=7144"},{"taxonomy":"noticias","embeddable":true,"href":"https:\/\/test.madridemprende.anovagroup.es\/fr\/wp-json\/wp\/v2\/noticias?post=7144"}],"curies":[{"name":"wp","href":"https:\/\/api.w.org\/{rel}","templated":true}]}}