{"id":7154,"date":"2016-05-27T00:00:00","date_gmt":"2016-05-27T00:00:00","guid":{"rendered":"https:\/\/pre.madridemprende.anovagroup.es\/noticias\/marcathlon-2016-el-recorrido-de-las-marcas\/"},"modified":"2022-06-08T11:25:41","modified_gmt":"2022-06-08T09:25:41","slug":"marcathlon-2016-el-recorrido-de-las-marcas","status":"publish","type":"noticias","link":"https:\/\/test.madridemprende.anovagroup.es\/fr\/noticias\/marcathlon-2016-el-recorrido-de-las-marcas\/","title":{"rendered":"Marcathlon 2016-El Recorrido de las Marcas"},"content":{"rendered":"<p class=\\\"MsoNormal\\\" style=\\\"text-align: justify; margin: 6.0pt 0cm 6.0pt 0cm;\\\"><span lang=\\\"ES\\\" style=\\\"line-height: 115%;\\\">Marcathlon, evento gratuito, l\u00fadico y educativo organizado por la Oficina Espa\u00f1ola de Patentes y Marcas (OEPM) y la Asociaci\u00f3n para la Defensa de la Marca (ANDEMA), ha contado este a\u00f1o con la participaci\u00f3n institucional del Ayuntamiento de Madrid. Este evento tiene como claro objetivo el de <\/span><span lang=\\\"ES\\\" style=\\\"mso-bidi-font-size: 12.0pt; line-height: 115%; mso-bidi-font-family: Calibri; mso-bidi-theme-font: minor-latin; mso-ansi-language: ES;\\\">contribuir a la sensibilizaci\u00f3n de la ciudadan\u00eda sobre las ventajas de la defensa de los derechos inherentes a las marcas (propiedad industrial e intelectual) para la actividad econ\u00f3mica y generaci\u00f3n de empleo, as\u00ed como sobre los riesgos que acarrea la vulneraci\u00f3n de estos derechos a trav\u00e9s de la comercializaci\u00f3n ilegal de productos falsificados. <\/span><\/p>\n<p class=\\\"MsoNormal\\\" style=\\\"text-align: justify;\\\"><span lang=\\\"ES\\\">El Ayuntamiento de Madrid \u00a0viene promoviendo de forma activa la defensa de los derechos de propiedad intelectual e industrial a trav\u00e9s de campa\u00f1as de sensibilizaci\u00f3n para trasladar a la ciudadan\u00eda los riesgos que implica la compra de productos falsificados, siendo una de sus principales fuentes de distribuci\u00f3n la venta ambulante ilegal. <\/span><\/p>\n<p class=\\\"MsoNormal\\\" style=\\\"text-align: justify;\\\"><span lang=\\\"ES\\\">La venta ambulante ilegal y venta de falsificaciones atenta, no s\u00f3lo contra los derechos de propiedad intelectual e industrial, la actividad econ\u00f3mica, la innovaci\u00f3n y la creaci\u00f3n de empleo, sino tambi\u00e9n contra la propia salud y seguridad de los consumidores y usuarios, pudiendo constituir una actividad desarrollada en un entorno delictivo. Es por ello que el Ayuntamiento de Madrid, en el ejercicio de sus competencias, interviene activamente en la labor de sensibilizaci\u00f3n de la ciudadan\u00eda. <\/span><\/p>\n<p class=\\\"MsoNormal\\\" style=\\\"text-align: justify;\\\"><span lang=\\\"ES\\\">El Marcathlon cont\u00f3 con dos actividades:<\/span><\/p>\n<ul>\n<li><strong><span lang=\\\"ES\\\">Gincana <\/span><\/strong><span lang=\\\"ES\\\">educativa con juegos y pruebas did\u00e1cticas para ni\u00f1os de 5 a 12 a\u00f1os a partir de las\u00a0<\/span>10.30h<\/li>\n<li><strong><span lang=\\\"ES\\\">Carrera <\/span><\/strong><span lang=\\\"ES\\\">de 5\u20192 km<\/span><\/li>\n<ul>\n<li><strong style=\\\"text-align: justify;\\\"><span lang=\\\"ES\\\">Junior <\/span><\/strong><span lang=\\\"ES\\\" style=\\\"text-align: justify;\\\">(13-23 a\u00f1os) a las 11.30 h<\/span><\/li>\n<li><strong style=\\\"text-align: justify;\\\"><span lang=\\\"ES\\\">Senior <\/span><\/strong><span lang=\\\"ES\\\" style=\\\"text-align: justify;\\\">(m\u00e1s de 23 a\u00f1os) a las 12.30 h<\/span><\/li>\n<\/ul>\n<\/ul>\n<p class=\\\"MsoNormal\\\" style=\\\"margin-bottom: 0.0001pt; text-align: justify;\\\"><strong>Lugar<\/strong>: Jardines de Azca, Madrid<\/p>\n<p class=\\\"MsoNormal\\\" style=\\\"margin-bottom: 0.0001pt; text-align: justify;\\\">\u00a0<\/p>\n<p class=\\\"MsoNormal\\\" style=\\\"text-align: justify;\\\">\u00a0<\/p>\n<p class=\\\"MsoNormal\\\" style=\\\"margin-bottom: 0.0001pt;\\\"><strong><span lang=\\\"ES\\\">M\u00e1s informaci\u00f3n sobre el evento:<\/p>\n<p><\/span><\/strong><\/p>\n<p class=\\\"MsoNormal\\\"><span lang=\\\"ES\\\"><a href=\\\"http:\/\/www.madrid.es\/portales\/munimadrid\/es\/Inicio\/El-Ayuntamiento\/Medios-de-comunicacion\/Todas-las-noticias\/Marcathlon-El-recorrido-de-las-marcas?vgnextfmt=default&#038;vgnextoid=97dbe5f9fb615510VgnVCM2000001f4a900aRCRD&#038;vgnextchannel=e40362215c483510VgnVCM2000001f4a900aRCRD\\\" target=\\\"_blank\\\">Evento Marcathlon 2016<\/a><br \/><\/span><\/p>\n<p class=\\\"MsoNormal\\\" style=\\\"margin-bottom: 0.0001pt;\\\"><a href=\\\"file:\/\/\/H:\/DGCDME\/Web\/01%20CONTENIDOS%20madridemprende.es\/03%20NOTICIAS%20Y%20PORTADA\/MARCATHLON\/www.marcathlon.com\\\"><span lang=\\\"ES\\\">www.marcathlon.com<\/span><\/a><\/p>\n<p class=\\\"MsoNormal\\\" style=\\\"margin-bottom: 0.0001pt;\\\"><a href=\\\"mailto:info@marcathlon.com\\\"><span style=\\\"font-family: Calibri, sans-serif;\\\"><span style=\\\"font-size: 11pt;\\\">mailto:info@marcathlon.com<\/span><\/span><\/a><\/p>\n<p><span lang=\\\"ES\\\"><a href=\\\"mailto:info@marcathlon.com\\\"><\/p>\n<p><\/a><\/span><\/p>\n","protected":false},"excerpt":{"rendered":"<p>Marcathlon, evento gratuito, l\u00fadico y educativo organizado por la Oficina&#8230;<\/p>\n","protected":false},"featured_media":7155,"template":"","meta":{"_acf_changed":false},"categories":[],"noticias":[],"class_list":["post-7154","noticias","type-noticias","status-publish","has-post-thumbnail","hentry"],"acf":[],"_links":{"self":[{"href":"https:\/\/test.madridemprende.anovagroup.es\/fr\/wp-json\/wp\/v2\/noticias\/7154"}],"collection":[{"href":"https:\/\/test.madridemprende.anovagroup.es\/fr\/wp-json\/wp\/v2\/noticias"}],"about":[{"href":"https:\/\/test.madridemprende.anovagroup.es\/fr\/wp-json\/wp\/v2\/types\/noticias"}],"version-history":[{"count":0,"href":"https:\/\/test.madridemprende.anovagroup.es\/fr\/wp-json\/wp\/v2\/noticias\/7154\/revisions"}],"wp:featuredmedia":[{"embeddable":true,"href":"https:\/\/test.madridemprende.anovagroup.es\/fr\/wp-json\/wp\/v2\/media\/7155"}],"wp:attachment":[{"href":"https:\/\/test.madridemprende.anovagroup.es\/fr\/wp-json\/wp\/v2\/media?parent=7154"}],"wp:term":[{"taxonomy":"category","embeddable":true,"href":"https:\/\/test.madridemprende.anovagroup.es\/fr\/wp-json\/wp\/v2\/categories?post=7154"},{"taxonomy":"noticias","embeddable":true,"href":"https:\/\/test.madridemprende.anovagroup.es\/fr\/wp-json\/wp\/v2\/noticias?post=7154"}],"curies":[{"name":"wp","href":"https:\/\/api.w.org\/{rel}","templated":true}]}}