{"id":7156,"date":"2016-05-25T00:00:00","date_gmt":"2016-05-25T00:00:00","guid":{"rendered":"https:\/\/pre.madridemprende.anovagroup.es\/noticias\/el-ayuntamiento-de-madrid-en-la-feria-del-empleo-digital\/"},"modified":"2022-06-08T11:25:41","modified_gmt":"2022-06-08T09:25:41","slug":"el-ayuntamiento-de-madrid-en-la-feria-del-empleo-digital","status":"publish","type":"noticias","link":"https:\/\/test.madridemprende.anovagroup.es\/fr\/noticias\/el-ayuntamiento-de-madrid-en-la-feria-del-empleo-digital\/","title":{"rendered":"El Ayuntamiento de Madrid en la Feria del Empleo Digital"},"content":{"rendered":"<p>La <a href=\\\"http:\/\/feriadelempleo.es\/\\\">Feria del Empleo en la Era Digital<\/a> (<a href=\\\"#FEED2016\\\">#FEED16<\/a>) se celebr\u00f3 durante los pasados d\u00edas 24 y 25 de mayo en Casa de Campo se convirti\u00f3 en un gran centro de reuni\u00f3n entre empresas y aspirantes.<\/p>\n<p>La D.G. de Comercio y Emprendimiento estuvo presente mediante un stand en \u00a0Hub Emprende, donde los asistentes a la Feria pudieron encontrar informaci\u00f3n sobre todos los servicios de apoyo al emprendimiento que oferta el Ayuntamiento de Madrid.<\/p>\n<p>La primera jornada se destin\u00f3 al acercamiento entre la Direcci\u00f3n General y otras empresas, con el fin de crear una sinergia y una gran red de contactos. Tambi\u00e9n se dio a conocer la <a href=\\\"\/es\/emprendedores\/espacios-para-emprendedores\/viveros-de-empresas\\\">Red de Viveros<\/a> \u00a0y as\u00ed como los servicios que ofrecen como son los espacios de coworking o asesoramiento.<\/p>\n<p>Durante el segundo d\u00eda, en la llamada \u201cjornada de los candidatos\u201d se ofreci\u00f3 sobre todo informaci\u00f3n sobre el sistema de acceso a la Red de Viveros y los servicios de mentoring y acompa\u00f1amiento que se ofrece a los viveristas, como son despachos, asesoramiento, tutelaje networking\u2026 abriendo la opci\u00f3n del emprendimiento como v\u00eda del acceso al mercado laboral.<\/p>\n<p>La Ministra de Empleo y Seguridad Social <a href=\\\"http:\/\/www.empleo.gob.es\/es\/extras\/ministro\/ministro.htm\\\">F\u00e1tima Ba\u00f1ez<\/a> visit\u00f3 la feria, realizando un tour por los principales stands entre los que se encontraba el de la D.G. de Comercio y Emprendimiento, y donde se le inform\u00f3 de la labor divulgativa y de contacto que se llev\u00f3 a cabo durante los dos d\u00edas.<\/p>\n","protected":false},"excerpt":{"rendered":"<p>La Feria del Empleo en la Era Digital (#FEED16) se celebr\u00f3 durante los&#8230;<\/p>\n","protected":false},"featured_media":7157,"template":"","meta":{"_acf_changed":false},"categories":[],"noticias":[],"class_list":["post-7156","noticias","type-noticias","status-publish","has-post-thumbnail","hentry"],"acf":[],"_links":{"self":[{"href":"https:\/\/test.madridemprende.anovagroup.es\/fr\/wp-json\/wp\/v2\/noticias\/7156"}],"collection":[{"href":"https:\/\/test.madridemprende.anovagroup.es\/fr\/wp-json\/wp\/v2\/noticias"}],"about":[{"href":"https:\/\/test.madridemprende.anovagroup.es\/fr\/wp-json\/wp\/v2\/types\/noticias"}],"version-history":[{"count":0,"href":"https:\/\/test.madridemprende.anovagroup.es\/fr\/wp-json\/wp\/v2\/noticias\/7156\/revisions"}],"wp:featuredmedia":[{"embeddable":true,"href":"https:\/\/test.madridemprende.anovagroup.es\/fr\/wp-json\/wp\/v2\/media\/7157"}],"wp:attachment":[{"href":"https:\/\/test.madridemprende.anovagroup.es\/fr\/wp-json\/wp\/v2\/media?parent=7156"}],"wp:term":[{"taxonomy":"category","embeddable":true,"href":"https:\/\/test.madridemprende.anovagroup.es\/fr\/wp-json\/wp\/v2\/categories?post=7156"},{"taxonomy":"noticias","embeddable":true,"href":"https:\/\/test.madridemprende.anovagroup.es\/fr\/wp-json\/wp\/v2\/noticias?post=7156"}],"curies":[{"name":"wp","href":"https:\/\/api.w.org\/{rel}","templated":true}]}}