{"id":7158,"date":"2016-05-30T00:00:00","date_gmt":"2016-05-30T00:00:00","guid":{"rendered":"https:\/\/pre.madridemprende.anovagroup.es\/noticias\/el-ayuntamiento-de-madrid-colabora-en-el-afterwork-s-a-la-pyme\/"},"modified":"2022-06-08T11:25:41","modified_gmt":"2022-06-08T09:25:41","slug":"el-ayuntamiento-de-madrid-colabora-en-el-afterwork-s-a-la-pyme","status":"publish","type":"noticias","link":"https:\/\/test.madridemprende.anovagroup.es\/fr\/noticias\/el-ayuntamiento-de-madrid-colabora-en-el-afterwork-s-a-la-pyme\/","title":{"rendered":"El Ayuntamiento de Madrid colabora en el afterwork \u201cS\u00ed a la PYME\u201d"},"content":{"rendered":"<p>El pr\u00f3ximo 15 de junio a partir de las 18 h, Madrid acoge la 5\u00aa edici\u00f3n de <a href=\\\"http:\/\/sialapyme.com\/evento\/\\\">S\u00ed a la pyme\u00a0<\/a>, un afterwork dedicado a rendir homenaje a las peque\u00f1as y medianas empresas.<\/p>\n<p>La cita gratuita pone de relieve la vital importancia de las pymes en la econom\u00eda espa\u00f1ola con el lema: \u2018En algo estamos todos de acuerdo: si a la PYME le va bien, a TODOS nos va bien\u2019.<\/p>\n<p>El Ayuntamiento de Madrid, como parte de su continua labor de apoyo y potenciaci\u00f3n del <a>emprendimiento y el comercio<\/a> en todas sus vertientes, apoyar\u00e1 esta cita a trav\u00e9s de la Direcci\u00f3n General de Comercio y Emprendimiento, cuyo objetivo es servir de veh\u00edculo de comunicaci\u00f3n, influencia y participaci\u00f3n para las pymes de nuestro pa\u00eds.<\/p>\n<p>Las salas Florida y Zarzuela del Hip\u00f3dromo de la Zarzuela\u00a0 acoger\u00e1n el evento \u00a0con el deseo de inspirar y servir de est\u00edmulo a los gestores de la pymes.<\/p>\n<p>El encuentro entre propietarios profesionales de la peque\u00f1a y mediana empresa contar\u00e1 con ponencias sobre marketing, crecimiento, <em>management<\/em> o servicio. Ser\u00e1 a trav\u00e9s de\u00a0los testimonios de\u00a0<a href=\\\"http:\/\/gaydeliebana.com\/\\\"><strong>Gay de Li\u00e9bana<\/strong><\/a><strong>, Enrique Tom\u00e1s <\/strong>o <a href=\\\"http:\/\/www.silvialeal.es\/\\\"><strong>Silvia Leal<\/strong><\/a> entre otros, en un acto conducido por la periodista <a href=\\\"https:\/\/es.wikipedia.org\/wiki\/Gl%C3%B2ria_Serra\\\"><strong>Gloria Serra<\/strong><\/a>. Adem\u00e1s, la jornada contar\u00e1 con un espacio de <em>speak corner <\/em>con varios talleres sobre internacionalizaci\u00f3n, marketing e innovaci\u00f3n, donde los asistentes acceder\u00e1n a contenidos m\u00e1s pr\u00e1cticos. Aqu\u00ed tambi\u00e9n se desarrollar\u00e1 el \u201cConecta pymes\u201d, dedicado al <em>networking <\/em>sectorial, <em>startups meetings<\/em>, y encuentros con ponentes,\u00a0 adem\u00e1s de una zona expositiva con patrocinadores.<\/p>\n<p>Ya est\u00e1 confirmada la presencia de:<\/p>\n<ul>\n<li>Jos\u00e9 Mar\u00eda Gay de Li\u00e9bana @Gay_de_Liebana: Doctor en Econom\u00eda y Derecho, profesor titular de Econom\u00eda Financiera y Contabilidad en la Universidad de Barcelona.<\/li>\n<li>Yolanda Fern\u00e1ndez Pereira: Directora T\u00e9cnica del Empresa Mediana del C\u00edrculo de Empresarios<\/li>\n<li>Enrique Tom\u00e1s @DeEnriqueTomas : Fundador y CEO de Enrique Tom\u00e1s<\/li>\n<li>Silvia Leal @slealm : Experta en e-liderazgo y energ\u00eda innovadora<\/li>\n<li>Reyes Gonz\u00e1lez @reyesgonzalezga :CEO y directora ejecutiva de rgtogether<\/li>\n<li>Patricia Ratia @patriciaratia: Co-fundadora y CFO de SamyRoad<\/li>\n<li>Robert Bonada @RobertBonada: Fundador y CEO de Samplia<\/li>\n<li>Sara Villegas @SaraVillegasS : Experta en marketing y Directora de Be Marca<\/li>\n<li>Enrique de Mora @edmfunnypop: Director en FUNNY-POP Consulting, conferenciante y escritor<\/li>\n<li>M\u00f3nica Mendoza@monicaventas: Empresaria y formadora, autora de \u201cLo que NO te Cuentan en los libros de ventas\u201d.<\/li>\n<li>Jos\u00e9 Ruiz Pardo @joseruizpardo: Experto en neuromarketing,, autor de \u201cNeuropymes\u201d y \u201cEl cliente no siempre tiene la raz\u00f3n\u201d.<\/li>\n<li>Daniel Romero- Abreu @romeroabreu: CEO Thinking Heads<\/li>\n<\/ul>\n<p>Puedes inscribirte, de forma gratuita, y conocer m\u00e1s sobre el evento\u00a0<a href=\\\"http:\/\/sialapyme.com\/evento\/\\\">aqu\u00ed.<\/a><\/p>\n","protected":false},"excerpt":{"rendered":"<p>El pr\u00f3ximo 15 de junio a partir de las 18 h, Madrid acoge la 5\u00aa edici\u00f3n de&#8230;<\/p>\n","protected":false},"featured_media":7159,"template":"","meta":{"_acf_changed":false},"categories":[],"noticias":[],"class_list":["post-7158","noticias","type-noticias","status-publish","has-post-thumbnail","hentry"],"acf":[],"_links":{"self":[{"href":"https:\/\/test.madridemprende.anovagroup.es\/fr\/wp-json\/wp\/v2\/noticias\/7158"}],"collection":[{"href":"https:\/\/test.madridemprende.anovagroup.es\/fr\/wp-json\/wp\/v2\/noticias"}],"about":[{"href":"https:\/\/test.madridemprende.anovagroup.es\/fr\/wp-json\/wp\/v2\/types\/noticias"}],"version-history":[{"count":0,"href":"https:\/\/test.madridemprende.anovagroup.es\/fr\/wp-json\/wp\/v2\/noticias\/7158\/revisions"}],"wp:featuredmedia":[{"embeddable":true,"href":"https:\/\/test.madridemprende.anovagroup.es\/fr\/wp-json\/wp\/v2\/media\/7159"}],"wp:attachment":[{"href":"https:\/\/test.madridemprende.anovagroup.es\/fr\/wp-json\/wp\/v2\/media?parent=7158"}],"wp:term":[{"taxonomy":"category","embeddable":true,"href":"https:\/\/test.madridemprende.anovagroup.es\/fr\/wp-json\/wp\/v2\/categories?post=7158"},{"taxonomy":"noticias","embeddable":true,"href":"https:\/\/test.madridemprende.anovagroup.es\/fr\/wp-json\/wp\/v2\/noticias?post=7158"}],"curies":[{"name":"wp","href":"https:\/\/api.w.org\/{rel}","templated":true}]}}