{"id":7162,"date":"2016-05-02T00:00:00","date_gmt":"2016-05-02T00:00:00","guid":{"rendered":"https:\/\/pre.madridemprende.anovagroup.es\/noticias\/el-ayuntamiento-de-madrid-organiza-el-encuentro-de-participacin-pblico-privada-madrid-miami\/"},"modified":"2022-06-08T11:25:44","modified_gmt":"2022-06-08T09:25:44","slug":"el-ayuntamiento-de-madrid-organiza-el-encuentro-de-participacin-pblico-privada-madrid-miami","status":"publish","type":"noticias","link":"https:\/\/test.madridemprende.anovagroup.es\/fr\/noticias\/el-ayuntamiento-de-madrid-organiza-el-encuentro-de-participacin-pblico-privada-madrid-miami\/","title":{"rendered":"El Ayuntamiento de Madrid organiza el Encuentro de Participaci\u00f3n P\u00fablico-Privada Madrid-Miami"},"content":{"rendered":"<p>\u00a0<\/p>\n<p>Los pasados d\u00edas 30 y 31 de mayo se celebr\u00f3 en la <a href=\\\"http:\/\/www.casamerica.es\/\\\">Casa de Am\u00e9rica<\/a> el Encuentro de Participaci\u00f3n P\u00fablico-Privada Madrid-Miami, en el que expertos del mundo empresarial y emprendimiento se dieron cita para poner en com\u00fan todos los puntos clave a tener en cuenta es el marco de la internacionalizaci\u00f3n, as\u00ed como su experiencia en colaboraci\u00f3n p\u00fablico-privada entre la ciudad estadounidense y la espa\u00f1ola.<\/p>\n<p>Durante las jornadas se habl\u00f3 de oportunidades de negocio en Miami, fomento e internacionalizaci\u00f3n de pymes espa\u00f1olas.<\/p>\n<p>Concha D\u00edaz de Villegas, Directora de la D.G. de Comercio y Emprendimiento del <a href=\\\"http:\/\/www.madrid.es\/portal\/site\/munimadrid\\\">http:\/\/www.madrid.es\/portal\/site\/munimadrid<\/a> fue una de las integrantes de la mesa \u201cOportunidades de negocio en Miami. Fomento e internacionalizaci\u00f3n de pymes espa\u00f1olas\u201d, moderada por <a href=\\\"https:\/\/www.linkedin.com\/in\/carmen-perez-lopez-26371727\\\">Carmen P\u00e9rez<\/a>, Subdirectora General de Promoci\u00f3n Econ\u00f3mica y Desarrollo Empresarial.<\/p>\n<p>Durante su intervenci\u00f3n, la directora hizo hincapi\u00e9 en el continuo esfuerzo de la Administraci\u00f3n P\u00fablica por facilitar la actividad empresarial, sobre todo en las primeras etapas, ayudando a solventar, mediante asesoramiento, las vicisitudes propias del comienzo de un proyecto empresarial. \u201cNosotros solo facilitamos el camino, los emprendedores son los protagonistas\u201d.<\/p>\n<p>Adem\u00e1s, <a href=\\\"https:\/\/twitter.com\/labcaveFernando\\\">Fernando Garc\u00eda<\/a>, Co Fundador y CEO de la empresa de desarrollo de videojuegos <a href=\\\"http:\/\/labcavegames.com\/\\\">LAB CAVE<\/a>, cont\u00f3 el caso de \u00e9xito de este proyecto, que le llev\u00f3 desde sus inicios como alojado en la <a href=\\\"\/es\/emprendedores\/espacios-para-emprendedores\/viveros-de-empresas\\\">Red de Viveros de Empresas<\/a> del Ayuntamiento de Madrid, a m\u00e1s de 31 millones de descargas y presencia en 3 continentes.<\/p>\n<p>Su andadura empez\u00f3 en el <a href=\\\"\/es\/emprendedores\/espacios-para-emprendedores\/viveros-de-empresas\/Viveros\/ficha\/1d2b603c5ca5d984996cb36e7138fd9d\/\\\">Vivero de Vic\u00e1lvaro<\/a>, donde encontraron un lugar perfecto para comenzar gracias al bajo coste de las oficinas, el asesoramiento constante, y la posibilidad de networking que ofrecen los espacios de la Red de Viveros.<\/p>\n<p>Como puntos clave para la progresi\u00f3n mete\u00f3rica de su proyecto se\u00f1al\u00f3:<\/p>\n<ul>\n<li>Un equipo colaborativo: Cada voz dentro de su equipo es importante. Toda experiencia es v\u00e1lida y enriquece un entorno basado en el trabajo en equipo.<\/li>\n<li>Adaptaci\u00f3n constante. El ecosistema del mercado m\u00f3vil es un entorno particular que requiere de una formaci\u00f3n y adaptaci\u00f3n permanente. No dejar nunca de aprender y probar nuevas f\u00f3rmulas para mejorar los resultados.<\/li>\n<li>Decisiones racionales basadas en datos. Las ideas se concretan, se desarrollan y se miden. Hay que escuchar al usuario y al mercado.<\/li>\n<\/ul>\n<p>Y sobre todo, \u201cser un referente siendo diferente\u201d.<\/p>\n","protected":false},"excerpt":{"rendered":"<p>\u00a0<br \/>\nLos pasados d\u00edas 30 y 31 de mayo se celebr\u00f3 en la Casa de Am\u00e9rica el&#8230;<\/p>\n","protected":false},"featured_media":7163,"template":"","meta":{"_acf_changed":false},"categories":[],"noticias":[],"class_list":["post-7162","noticias","type-noticias","status-publish","has-post-thumbnail","hentry"],"acf":[],"_links":{"self":[{"href":"https:\/\/test.madridemprende.anovagroup.es\/fr\/wp-json\/wp\/v2\/noticias\/7162"}],"collection":[{"href":"https:\/\/test.madridemprende.anovagroup.es\/fr\/wp-json\/wp\/v2\/noticias"}],"about":[{"href":"https:\/\/test.madridemprende.anovagroup.es\/fr\/wp-json\/wp\/v2\/types\/noticias"}],"version-history":[{"count":0,"href":"https:\/\/test.madridemprende.anovagroup.es\/fr\/wp-json\/wp\/v2\/noticias\/7162\/revisions"}],"wp:featuredmedia":[{"embeddable":true,"href":"https:\/\/test.madridemprende.anovagroup.es\/fr\/wp-json\/wp\/v2\/media\/7163"}],"wp:attachment":[{"href":"https:\/\/test.madridemprende.anovagroup.es\/fr\/wp-json\/wp\/v2\/media?parent=7162"}],"wp:term":[{"taxonomy":"category","embeddable":true,"href":"https:\/\/test.madridemprende.anovagroup.es\/fr\/wp-json\/wp\/v2\/categories?post=7162"},{"taxonomy":"noticias","embeddable":true,"href":"https:\/\/test.madridemprende.anovagroup.es\/fr\/wp-json\/wp\/v2\/noticias?post=7162"}],"curies":[{"name":"wp","href":"https:\/\/api.w.org\/{rel}","templated":true}]}}