{"id":7166,"date":"2016-06-02T00:00:00","date_gmt":"2016-06-02T00:00:00","guid":{"rendered":"https:\/\/pre.madridemprende.anovagroup.es\/noticias\/acto-de-clausura-de-la-i-edicin-de-proyectos-de-innovacin-y-eficiencia-energtica-aplicada-a-la-formacin-profesional\/"},"modified":"2022-06-08T11:25:40","modified_gmt":"2022-06-08T09:25:40","slug":"acto-de-clausura-de-la-i-edicin-de-proyectos-de-innovacin-y-eficiencia-energtica-aplicada-a-la-formacin-profesional","status":"publish","type":"noticias","link":"https:\/\/test.madridemprende.anovagroup.es\/fr\/noticias\/acto-de-clausura-de-la-i-edicin-de-proyectos-de-innovacin-y-eficiencia-energtica-aplicada-a-la-formacin-profesional\/","title":{"rendered":"Acto de clausura de la I edici\u00f3n de Proyectos de Innovaci\u00f3n y eficiencia energ\u00e9tica aplicada a la Formaci\u00f3n Profesional"},"content":{"rendered":"<p>Este 2 de junio, se ha celebrado en el <a href=\\\"http:\/\/www.palomafp.org\/\\\">IES Virgen de la Paloma<\/a> el acto de clausura de la I edici\u00f3n de <a href=\\\"http:\/\/www.fundacionrepsol.com\/es\/proyectos\/fp-energia\\\">Proyectos de Eficiencia Energ\u00e9tica e Innovaci\u00f3n en Formaci\u00f3n Profesional<\/a> de la Fundaci\u00f3n Repsol.<\/p>\n<p>El <a href=\\\"http:\/\/www.madrid.es\/portal\/site\/munimadrid\\\">Ayuntamiento de Madrid<\/a>, a trav\u00e9s de la <a href=\\\"\/es\\\">Direcci\u00f3n General de Comercio y Emprendimiento<\/a>, ha formado parte de la mesa redonda donde como miembro del consorcio del proyecto, ha compartido con los asistentes el papel del Ayuntamiento en el emprendimiento en general y en el de la Formaci\u00f3n Profesional en particular.<\/p>\n<p>El acto ha sido presidido por D\u00f1a. Carmen Gonz\u00e1lez Fern\u00e1ndez, Viceconsejera de Educaci\u00f3n no universitaria de la <a href=\\\"http:\/\/www.madrid.org\\\">Comunidad de Madrid<\/a>, y ha contado con la presencia de D\u00f1a. Guadalupe Bragado, Directora general de <a href=\\\"http:\/\/www.madrid.org\/fp\/\\\">FP de la Comunidad de Madrid<\/a>, D. Ignacio Egea, Vicepresidente de la <a href=\\\"http:\/\/www.fundacionrepsol.com\/\\\">Fundaci\u00f3n Repsol<\/a>, D\u00f1a. Concepci\u00f3n D\u00edaz de Villegas, Dra. Gral. de Comercio y Emprendimiento del Ayuntamiento de Madrid, D. I\u00f1aki M\u00fajika, de <a href=\\\"http:\/\/www.tknika.eus\/liferay\/\\\">TKNIKA<\/a>, D. Salvador Lorenzo, Director de Marketing del Centro Superior de Formaci\u00f3n Repsol, y D. Indalecio Torres, Director del IES Virgen de la Paloma.<\/p>\n<p>Los proyectos que han formado parte del programa piloto\u00a0<a href=\\\"http:\/\/www.fundacionrepsol.com\/es\/proyectos\/fp-energia\\\" target=\\\"_blank\\\">FP Energ\u00eda<\/a>\u00a0han completado su periodo de incubaci\u00f3n de doce meses. Los dos proyectos del IES Virgen de la Paloma, \u00fanicos participantes de la Comunidad de Madrid,\u00a0han presentado sus\u00a0avances, que durante este tiempo han contado con el apoyo de varios tutores, profesores del Centro de Formaci\u00f3n Profesional y voluntarios Repsol, profesionales con experiencia en el \u00e1mbito empresarial, tecnol\u00f3gico o en el emprendimiento.<br \/>&#8211; <a href=\\\"https:\/\/2.bp.blogspot.com\/-ix7zPfyK1zQ\/V0XHCVhzcmI\/AAAAAAAADpg\/39mgGar6UOIIZugUeBdc7-blQ5Eq--JnACLcB\/s1600\/IMG_6573%2B%28Copiar%29a.jpg\\\">\u201cCon la energ\u00eda\u2026 yo tranquilo\u201d,<\/a> sistema hardware-software para la optimizaci\u00f3n energ\u00e9tica de edificios, creado por Adr\u00edan Lucas, Jos\u00e9 Mar\u00eda Gurpegui y Gabriel Navarro.<br \/>&#8211; <a href=\\\"https:\/\/youtu.be\/3pgi0mjRDQY\\\">GAIZ<\/a>, sistema port\u00e1til y aut\u00f3nomo de potabilizaci\u00f3n de aguas, de Mohamed Gaiz<\/p>\n<p>Gracias a esta iniciativa, que se puso en marcha en 2014, los equipos han recibido un apoyo econ\u00f3mico de 12.000 euros para el desarrollo del proyecto. Adem\u00e1s, han contado con el asesoramiento de tutores expertos, seis profesores de los centros de formaci\u00f3n profesional y doce tutores especializados en temas de innovaci\u00f3n y desarrollo tecnol\u00f3gico.<\/p>\n<p>Con iniciativas como esta, se hace patente el compromiso con el talento y el emprendimiento, apostando por la Formaci\u00f3n Profesional como una opci\u00f3n educativa clave para el desarrollo del sistema productivo y la empleabilidad, por lo que es necesario potenciar la innovaci\u00f3n en este \u00e1mbito, y poner en valor el papel de los centros de formaci\u00f3n profesional como centros de desarrollo tecnol\u00f3gico.<\/p>\n","protected":false},"excerpt":{"rendered":"<p>Este 2 de junio, se ha celebrado en el IES Virgen de la Paloma el acto de&#8230;<\/p>\n","protected":false},"featured_media":7167,"template":"","meta":{"_acf_changed":false},"categories":[],"noticias":[],"class_list":["post-7166","noticias","type-noticias","status-publish","has-post-thumbnail","hentry"],"acf":[],"_links":{"self":[{"href":"https:\/\/test.madridemprende.anovagroup.es\/fr\/wp-json\/wp\/v2\/noticias\/7166"}],"collection":[{"href":"https:\/\/test.madridemprende.anovagroup.es\/fr\/wp-json\/wp\/v2\/noticias"}],"about":[{"href":"https:\/\/test.madridemprende.anovagroup.es\/fr\/wp-json\/wp\/v2\/types\/noticias"}],"version-history":[{"count":0,"href":"https:\/\/test.madridemprende.anovagroup.es\/fr\/wp-json\/wp\/v2\/noticias\/7166\/revisions"}],"wp:featuredmedia":[{"embeddable":true,"href":"https:\/\/test.madridemprende.anovagroup.es\/fr\/wp-json\/wp\/v2\/media\/7167"}],"wp:attachment":[{"href":"https:\/\/test.madridemprende.anovagroup.es\/fr\/wp-json\/wp\/v2\/media?parent=7166"}],"wp:term":[{"taxonomy":"category","embeddable":true,"href":"https:\/\/test.madridemprende.anovagroup.es\/fr\/wp-json\/wp\/v2\/categories?post=7166"},{"taxonomy":"noticias","embeddable":true,"href":"https:\/\/test.madridemprende.anovagroup.es\/fr\/wp-json\/wp\/v2\/noticias?post=7166"}],"curies":[{"name":"wp","href":"https:\/\/api.w.org\/{rel}","templated":true}]}}