{"id":7174,"date":"2016-06-13T00:00:00","date_gmt":"2016-06-13T00:00:00","guid":{"rendered":"https:\/\/pre.madridemprende.anovagroup.es\/noticias\/convocada-la-vi-edicin-del-premio-emprendedoras\/"},"modified":"2022-06-08T11:25:38","modified_gmt":"2022-06-08T09:25:38","slug":"convocada-la-vi-edicin-del-premio-emprendedoras","status":"publish","type":"noticias","link":"https:\/\/test.madridemprende.anovagroup.es\/fr\/noticias\/convocada-la-vi-edicin-del-premio-emprendedoras\/","title":{"rendered":"Convocada la VI edici\u00f3n del Premio Emprendedoras"},"content":{"rendered":"<p>El Premio Emprendedoras inicia su sexta edici\u00f3n de la mano del Ayuntamiento de Madrid y la revista\u00a0<a href=\\\"http:\/\/www.elmundo.es\/yodona.html\\\">Yo Dona<\/a>, continuando con su objetivo de favorecer el emprendimiento femenino, apoyando aquellas ideas emprendedoras protagonizadas por mujeres.<\/p>\n<p>Para la puesta en marcha y el desarrollo de esta acci\u00f3n, se cuenta adem\u00e1s, con la colaboraci\u00f3n de\u00a0<a href=\\\"http:\/\/www.womenalia.com\/\\\">Womenalia<\/a>,\u00a0<a href=\\\"http:\/\/www.bodabook.com\/\\\">Bodabook<\/a>\u00a0,\u00a0<a href=\\\"http:\/\/www.villanueva.edu\/\\\">Centro Universitario Villanueva<\/a>,\u00a0Asecom y <a href=\\\"http:\/\/www.aseme.es\\\">ASEME<\/a> los cuales formar\u00e1n parte del jurado.<\/p>\n<p>Podr\u00e1n presentarse todas aquellas mujeres que tengan inter\u00e9s en comenzar un proyecto con una idea emprendedora, y tambi\u00e9n las que tengan ya una empresa en funcionamiento o est\u00e9n transformando su actividad, siempre que \u00e9sta a\u00fan no haya cumplido dos a\u00f1os. Las <strong>inscripciones podr\u00e1n realizarse online desde el 13 de junio hasta el 31 de julio<\/strong> en la web <a href=\\\"\/es\/emprendedores\/aceleracion-de-empresas\/premio-emprendedoras\\\">www.madridemprende.es\/es\/emprendedores\/aceleracion-de-empresas\/premio-emprendedoras<\/a><\/p>\n<p>En esta edici\u00f3n, el premio cuenta con dos categor\u00edas: Premio <strong>Idea Emprendedora<\/strong>, dirigido a aquellas mujeres que tengan una idea de negocio y quieran comenzar un nuevo proyecto, y premio <strong>Emprendedora<\/strong>, para aquellas empresas ya constituidas con un periodo de actividad inferior a dos a\u00f1os.<\/p>\n<p>Las candidatas seleccionadas participar\u00e1n el 16 de septiembre en una competici\u00f3n de <em>elevator pitch <\/em>en el <a href=\\\"\/es\/emprendedores\/espacios-para-emprendedores\/viveros-de-empresas\/Viveros\/ficha\/bd88c882e9b597a6d95b6b67fe83cc62\/\\\">Vivero de Empresas de Puente de Vallecas<\/a> en la que se elegir\u00e1n cinco finalistas para cada categor\u00eda. Tendr\u00e1n un minuto y medio para contar los aspectos diferenciadores e innovadores de su idea. Las diez elegidas tendr\u00e1n dos meses (hasta el 16 de noviembre) para preparar su plan de negocio en la sala Yo Dona del mismo Vivero, donde contar\u00e1n con la ayuda y supervisi\u00f3n de los t\u00e9cnicos de la <a href=\\\"\/es\/emprendedores\/espacios-para-emprendedores\/viveros-de-empresas\\\">Red de Viveros del Ayuntamiento de Madrid<\/a>. Ser\u00e1 en diciembre cuando las finalistas se enfrentar\u00e1n en el <em>demo day<\/em>, donde deber\u00e1n demostrar, en tres minutos, que el proyecto est\u00e1 ya maduro.<\/p>\n<p>Las ganadoras de ambas categor\u00edas conseguir\u00e1n un a\u00f1o de estancia en uno de los centros para emprendedores del Ayuntamiento de Madrid , as\u00ed como el amadrinamiento de una emprendedora de \u00e9xito, y ser\u00e1n entrevistadas en la secci\u00f3n Emprendedoras de Yo Dona y en Womenalia. Adem\u00e1s, la ganadora de la categor\u00eda \u201cEmprendedora\u201d obtendr\u00e1 una plaza en la <a href=\\\"\/es\/emprendedores\/aceleracion-de-empresas\/aceleradora-de-proyectos-de-alto-potencial\\\">Aceleradora de Proyectos de Alto Potencial<\/a> en la edici\u00f3n de 2017.<\/p>\n<p>El Premio Emprendedoras, que lleva en marcha desde 2011, recibi\u00f3 en la pasada edici\u00f3n 173 candidaturas, y fueron <a href=\\\"http:\/\/www.talentank.es\/\\\">TALENTANK<\/a> de Rebecca Rico, en la categor\u00eda general, y <a href=\\\"http:\/\/www.mmartinyca.com\/es\/\\\">MMARTINYCA<\/a>, de Mar\u00eda Mart\u00ednez, en la categor\u00eda de moda y belleza, las ganadoras de la V Edici\u00f3n del Premio Emprendedoras 2015.<\/p>\n<div>\u00a0<\/div>\n<p>&#8211; Consulta las <a title=\\\"Bases Premio Emprendedoras 2016\\\" href=\\\"\/images\/public\/source\/AceleracionEmpresas\/Bases Premio Emprendedoras 2016.pdf\\\">Bases Premio Emprendedoras 2016<\/a>\u00a0aqu\u00ed (descarga el documento 1)<br \/><a href=\\\"\/es\/emprendedores\/aceleracion-de-empresas\/premio-emprendedoras\\\" target=\\\"_blank\\\"><\/p>\n<p><img style=\\\"display: block; margin-left: auto; margin-right: auto;\\\" src=\\\"\/images\/public\/source\/AceleracionEmpresas\/botoninscribete_aqui.jpg\\\" alt=\\\"botoninscribete_aqui\\\" \/><\/a><\/p>\n<p>\u00a0<\/p>\n","protected":false},"excerpt":{"rendered":"<p>El Premio Emprendedoras inicia su sexta edici\u00f3n de la mano del Ayuntamiento&#8230;<\/p>\n","protected":false},"featured_media":7175,"template":"","meta":{"_acf_changed":false},"categories":[],"noticias":[],"class_list":["post-7174","noticias","type-noticias","status-publish","has-post-thumbnail","hentry"],"acf":[],"_links":{"self":[{"href":"https:\/\/test.madridemprende.anovagroup.es\/fr\/wp-json\/wp\/v2\/noticias\/7174"}],"collection":[{"href":"https:\/\/test.madridemprende.anovagroup.es\/fr\/wp-json\/wp\/v2\/noticias"}],"about":[{"href":"https:\/\/test.madridemprende.anovagroup.es\/fr\/wp-json\/wp\/v2\/types\/noticias"}],"version-history":[{"count":0,"href":"https:\/\/test.madridemprende.anovagroup.es\/fr\/wp-json\/wp\/v2\/noticias\/7174\/revisions"}],"wp:featuredmedia":[{"embeddable":true,"href":"https:\/\/test.madridemprende.anovagroup.es\/fr\/wp-json\/wp\/v2\/media\/7175"}],"wp:attachment":[{"href":"https:\/\/test.madridemprende.anovagroup.es\/fr\/wp-json\/wp\/v2\/media?parent=7174"}],"wp:term":[{"taxonomy":"category","embeddable":true,"href":"https:\/\/test.madridemprende.anovagroup.es\/fr\/wp-json\/wp\/v2\/categories?post=7174"},{"taxonomy":"noticias","embeddable":true,"href":"https:\/\/test.madridemprende.anovagroup.es\/fr\/wp-json\/wp\/v2\/noticias?post=7174"}],"curies":[{"name":"wp","href":"https:\/\/api.w.org\/{rel}","templated":true}]}}