{"id":7186,"date":"2016-06-30T00:00:00","date_gmt":"2016-06-30T00:00:00","guid":{"rendered":"https:\/\/pre.madridemprende.anovagroup.es\/noticias\/ya-ha-comenzado-el-ciclo-de-coffee-breaks-la-fp-dual-en-las-nuevas-empresas\/"},"modified":"2022-06-08T11:25:37","modified_gmt":"2022-06-08T09:25:37","slug":"ya-ha-comenzado-el-ciclo-de-coffee-breaks-la-fp-dual-en-las-nuevas-empresas","status":"publish","type":"noticias","link":"https:\/\/test.madridemprende.anovagroup.es\/fr\/noticias\/ya-ha-comenzado-el-ciclo-de-coffee-breaks-la-fp-dual-en-las-nuevas-empresas\/","title":{"rendered":"Ya ha comenzado el ciclo de Coffee Break\u2019s \u201cLa FP Dual en las nuevas empresas\u201d"},"content":{"rendered":"<div>El pasado 28 de junio se celebr\u00f3 en el <a href=\\\"\/es\/emprendedores\/espacios-para-emprendedores\/viveros-de-empresas\/Viveros\/ficha\/4728d57df9ddd693aebc6893018681e3\\\">Vivero de Carabanchel<\/a> el primero de los <a href=\\\"\/es\/noticias\/NewsModule\/displayNews\/a73b6ea0c57876a15d1f26a89645a387\\\">Coffe Break del ciclo \u201cLa FP Dual en las nuevas empresas\u201d<\/a> que recorrer\u00e1 todos los centros de la <a href=\\\"\/es\/emprendedores\/espacios-para-emprendedores\/viveros-de-empresas\/Viveros\/ficha\/afc8e50f7473e4ebf22f02df3729b5b0\/\\\">Red de Viveros<\/a>, acercando este sistema retroalimentativo entre el proceso formativo y la empresa en creaci\u00f3n y consolidaci\u00f3n.<\/div>\n<p>En cada sesi\u00f3n, empresas alojadas y graduadas de cada uno de los Viveros de Empresas, pymes, micropymes y\u00a0 centros educativos, encontrar\u00e1n un espacio de networking para conocer este modelo de formaci\u00f3n e identificar posibilidades de desarrollo.<\/p>\n<p>La Directora General de Comercio y Emprendimiento del Ayuntamiento de Madrid, <strong>Concha D\u00edaz de Villegas<\/strong> inaugur\u00f3, junto con <strong>Clara Bassols<\/strong>, Directora de la <a href=\\\"https:\/\/www.fundacionbertelsmann.org\/es\/home\/\\\">Fundaci\u00f3n Berteksmann<\/a> y <strong>Miguel Garrido de la Cierva<\/strong>, Secretario General de la <a href=\\\"http:\/\/www.ceim.es\/\\\">Confederaci\u00f3n Empresarial de Madrid-CEOE<\/a>, este ciclo que pretende poner en conocimiento de las nuevas empresas, las posibilidades que la FP Dual ofrece.<\/p>\n<p><a href=\\\"https:\/\/twitter.com\/teresatomasr\\\">Teresa Tom\u00e1s<\/a>, gerente <a href=\\\"http:\/\/www.infoempleo.com\/http:\/www.infoempleo.com\/\\\">Infoempleo<\/a>, nos cont\u00f3 la enriquecedora experiencia del portal como empresa de acogida del segundo a\u00f1o de formaci\u00f3n de los estudiantes de esta v\u00eda. Un periodo en el que \u201cLos alumnos pueden afianzar los conocimientos te\u00f3ricos que adquieren en el centro de estudios\u201d.<\/p>\n<p>La FP Dual supone un sistema beneficioso tanto para los alumnos como para la empresa, ya que los primeros afianzan los conocimientos adquiridos y los segundos tienen la posibilidad de convertirse en su propia cantera de equipo.<\/p>\n<p>El siguiente Coffee Break del ciclo ser\u00e1 el <strong>pr\u00f3ximo viernes 1 de julio<\/strong> en el <a href=\\\"\/es\/emprendedores\/espacios-para-emprendedores\/viveros-de-empresas\/Viveros\/ficha\/afc8e50f7473e4ebf22f02df3729b5b0\/\\\">Vivero de Moratalaz<\/a>.<\/p>\n<p>Ap\u00fantate <a href=\\\"\/es\/agenda\/Agenda\/evento\/coffee-break-la-fp-dual-en-las-nuevas-empresas\/764c483984fa9dfecd69eb6eb71faa3f\\\">aqu\u00ed<\/p>\n<p><\/a><\/p>\n<p><center><iframe src=\\\"https:\/\/www.youtube.com\/embed\/9igOjlafS-8\\\" width=\\\"560\\\" height=\\\"315\\\" frameborder=\\\"0\\\" allowfullscreen=\\\"\\\"><\/iframe><\/center><\/p>\n","protected":false},"excerpt":{"rendered":"<p>El pasado 28 de junio se celebr\u00f3 en el Vivero de Carabanchel el primero de&#8230;<\/p>\n","protected":false},"featured_media":7187,"template":"","meta":{"_acf_changed":false},"categories":[],"noticias":[],"class_list":["post-7186","noticias","type-noticias","status-publish","has-post-thumbnail","hentry"],"acf":[],"_links":{"self":[{"href":"https:\/\/test.madridemprende.anovagroup.es\/fr\/wp-json\/wp\/v2\/noticias\/7186"}],"collection":[{"href":"https:\/\/test.madridemprende.anovagroup.es\/fr\/wp-json\/wp\/v2\/noticias"}],"about":[{"href":"https:\/\/test.madridemprende.anovagroup.es\/fr\/wp-json\/wp\/v2\/types\/noticias"}],"version-history":[{"count":0,"href":"https:\/\/test.madridemprende.anovagroup.es\/fr\/wp-json\/wp\/v2\/noticias\/7186\/revisions"}],"wp:featuredmedia":[{"embeddable":true,"href":"https:\/\/test.madridemprende.anovagroup.es\/fr\/wp-json\/wp\/v2\/media\/7187"}],"wp:attachment":[{"href":"https:\/\/test.madridemprende.anovagroup.es\/fr\/wp-json\/wp\/v2\/media?parent=7186"}],"wp:term":[{"taxonomy":"category","embeddable":true,"href":"https:\/\/test.madridemprende.anovagroup.es\/fr\/wp-json\/wp\/v2\/categories?post=7186"},{"taxonomy":"noticias","embeddable":true,"href":"https:\/\/test.madridemprende.anovagroup.es\/fr\/wp-json\/wp\/v2\/noticias?post=7186"}],"curies":[{"name":"wp","href":"https:\/\/api.w.org\/{rel}","templated":true}]}}