{"id":7188,"date":"2016-06-30T00:00:00","date_gmt":"2016-06-30T00:00:00","guid":{"rendered":"https:\/\/pre.madridemprende.anovagroup.es\/noticias\/el-i-encuentro-de-medios-de-comunicacin-y-startups-en-el-vivero-de-viclvaro\/"},"modified":"2022-06-08T11:25:37","modified_gmt":"2022-06-08T09:25:37","slug":"el-i-encuentro-de-medios-de-comunicacin-y-startups-en-el-vivero-de-viclvaro","status":"publish","type":"noticias","link":"https:\/\/test.madridemprende.anovagroup.es\/fr\/noticias\/el-i-encuentro-de-medios-de-comunicacin-y-startups-en-el-vivero-de-viclvaro\/","title":{"rendered":"El \u00abI Encuentro de medios de comunicaci\u00f3n y startups\u00bb en el Vivero de Vic\u00e1lvaro"},"content":{"rendered":"<p>En la primera mesa se ha tratado el tema de <strong>\u00ab\u00bfC\u00f3mo llegar con mi <em>startup<\/em> a los medios de comunicaci\u00f3n?\u00bb,<\/strong> en la cual se le ha dado mucho peso a la importancia de que en los medios de comunicaci\u00f3n se haga un hueco a los emprendedores y que estos intenten llegar a ellos, ya que en caso contrario es como si no existiesen.<\/p>\n<p>En esta charla han participado <strong>Jos\u00e9 Mar\u00eda Torrego,<\/strong> Director de <a href=\\\"http:\/\/www.elreferente.es\/\\\">El Referente<\/a> de los Emprendedores, empresa que dio sus primeros pasos en la <strong><a href=\\\"\/es\/emprendedores\/espacios-para-emprendedores\/viveros-de-empresas\/Viveros\/ficha\/4728d57df9ddd693aebc6893018681e3\\\">Red de Viveros<\/a> del Ayuntamiento de Madrid<\/strong>, que dec\u00eda \u00absomos una comunidad de <em>startups<\/em> y nuestro valor est\u00e1 en conectar emprendedores, porque hoy en d\u00eda es primordial\u00bb, <strong>Lourdes Carmona,<\/strong> Directora de Emprendedores2020, contaba su experiencia \u00abbuscando, recolectando y contando historias de emprendedores, tanto \u00e9xitos como fracasos, que puedan servir de ejemplo a otros\u00bb, <strong>Javier Inaraja,<\/strong> Director de la <a href=\\\"http:\/\/www.emprendedores.es\/\\\">Revista Emprendedores<\/a>, que ha hecho especial hincapi\u00e9 en la \u00abimportancia de crear una <em>startup<\/em> sostenible econ\u00f3micamente, mientras que afirmaba que para llegar a los medios el <em>networking<\/em> es primordial\u00bb, as\u00ed como <strong>Andr\u00e9s Dulanto,<\/strong> Director de <a href=\\\"http:\/\/www.efeemprende.com\/\\\">EFE Emprendedores<\/a>, que hablaba de la \u00abevoluci\u00f3n l\u00f3gica del panorama espa\u00f1ol, siguiendo los pasos del de Estados Unidos\u00bb.<\/p>\n<p>En la segunda mesa, <strong>\u00abLa televisi\u00f3n, el gran aliado del emprendedor\u00bb<\/strong>, ha querido dejar claro que pese a las nuevas tecnolog\u00edas, la televisi\u00f3n sigue siendo una ventana enorme.<\/p>\n<p><strong>Juanma Romero,<\/strong> Director de Emprende y Emprende Digital, dice que \u00absi una empresa no funciona, hay que reinventarse y seguir luchando\u00bb. <strong>Inmaculada Galv\u00e1n,<\/strong> Presentadora de Madrid Contigo en Telemadrid, hace referencia a que los programas de emprendedores en televisi\u00f3n ayudan a tres bandas: \u00abtanto al emprendedor, como a la televisi\u00f3n en s\u00ed y a los j\u00f3venes que lo ven y quieren emprender\u00bb. Por su parte, <strong>Jaime Est\u00e9vez, <\/strong>fundador de <strong>\u00c1gora News<\/strong>, que tambi\u00e9n inici\u00f3 su andadura emprendedora en la <strong>Red de Viveros<\/strong>, \u00a0ha contado que \u00abmi empresa destac\u00f3 indirectamente, gracias a un blog personal\u00bb. Finalmente, <strong>Enrique Riob\u00f3o<\/strong> \u00a0comenta que \u00abutilizo mi canal no solo para autoemplearme, sino para dar empleo tambi\u00e9n. Los emprendedores tienen aqu\u00ed su casa\u00bb.<\/p>\n<p>Como postre de este evento, tuvimos una tercera mesa que se centraba en el <strong>\u00ab<em>Media for equity: <\/em>el futuro de las <em>startups<\/em>\u00bb, <\/strong>de la que formaron parte personalidades de la talla de <strong>Alipio Guti\u00e9rrez,<\/strong> Director de los Informativos de Telemadrid, <strong>Esteban Mayoral,<\/strong> Director de Gesti\u00f3n e Innovaci\u00f3n de RTVE, <strong>Toni Moreno<\/strong>, Director de Desarrollo Corporativo de Mediaset y <strong>Eduardo Fern\u00e1ndez,<\/strong> responsable de <em>Media for Equity<\/em> en Atresmedia.<\/p>\n<p>Todos coincidieron en que el <strong><em>Media for equity<\/em><\/strong> es un formato que est\u00e1 empezando a explotarse ahora y que permite un \u201ccrecimiento muy r\u00e1pido\u201d para los que se suman a \u00e9l, pero hacen la advertencia de que no todos valen, sino que hay que estudiar previamente si nuestro negocio se presta a ello.<\/p>\n<p>Tras las ponencias, a las 20:00 dio comienzo el <em>networking,<\/em> el cual fue aderezado con la m\u00fasica de <strong>\u00c1lex D.C.,<\/strong> un joven que ha visto la actividad de DJ como una oportunidad de emprender, junto con una degustaci\u00f3n de productos de emprendedores y una exhibici\u00f3n de drones. Asimismo, los emprendedores que desarrollan su actividad en el Vivero de Vic\u00e1lvaro han tenido un espacio para mostrar su trabajo.<\/p>\n<p>Este evento no habr\u00eda sido posible sin el <strong>apoyo incondicional<\/strong> del Ayuntamiento de Madrid y de la Universidad Rey Juan Carlos \u2013 empresa adjudicataria del contrato de gesti\u00f3n del Vivero- y a sus emprendedores. Apoyan este encuentro entidades como Hitic Formaci\u00f3n, Siteground Spain o Robotic Process Automation. Tambi\u00e9n son imprescindibles los <strong><em>media partner<\/em><\/strong> que lo han dado a a conocer: EFE Emprende, <a href=\\\"http:\/\/agoranews.es\/\\\">Agora News<\/a>, Emprendedores 2020, El Referente de los Emprendedores, Telemadrid, Revista Emprendedores, Ticpymes o Top Emprendedores.\u00a0<\/p>\n<p>Link a la retransmisi\u00f3n del evento en directo que se hizo desde <strong>Agora News:\u00a0<a href=\\\"https:\/\/www.youtube.com\/watch?v=iwLKfQprwLU\\\" target=\\\"_blank\\\">Streaming Primer Encuentro de Medios de Comunicaci\u00f3 y Startups<\/a><\/strong><\/p>\n<div id=\\\"watch7-headline\\\" class=\\\"clearfix\\\" style=\\\"margin: 0px; padding: 0px; border: 0px; font-size: 13px; font-family: Roboto, arial, sans-serif; background-image: initial; background-attachment: initial; background-size: initial; background-origin: initial; background-clip: initial; background-position: initial; background-repeat: initial;\\\">\u00a0<\/div>\n<p>\u00a0<\/p>\n<p>\u00a0<\/p>\n<p><strong>\u00a0<\/strong><\/p>\n<p><strong>Fuente:<\/strong> Socialnius<\/p>\n","protected":false},"excerpt":{"rendered":"<p>En la primera mesa se ha tratado el tema de \u00ab\u00bfC\u00f3mo llegar con mi startup a&#8230;<\/p>\n","protected":false},"featured_media":7189,"template":"","meta":{"_acf_changed":false},"categories":[],"noticias":[],"class_list":["post-7188","noticias","type-noticias","status-publish","has-post-thumbnail","hentry"],"acf":[],"_links":{"self":[{"href":"https:\/\/test.madridemprende.anovagroup.es\/fr\/wp-json\/wp\/v2\/noticias\/7188"}],"collection":[{"href":"https:\/\/test.madridemprende.anovagroup.es\/fr\/wp-json\/wp\/v2\/noticias"}],"about":[{"href":"https:\/\/test.madridemprende.anovagroup.es\/fr\/wp-json\/wp\/v2\/types\/noticias"}],"version-history":[{"count":0,"href":"https:\/\/test.madridemprende.anovagroup.es\/fr\/wp-json\/wp\/v2\/noticias\/7188\/revisions"}],"wp:featuredmedia":[{"embeddable":true,"href":"https:\/\/test.madridemprende.anovagroup.es\/fr\/wp-json\/wp\/v2\/media\/7189"}],"wp:attachment":[{"href":"https:\/\/test.madridemprende.anovagroup.es\/fr\/wp-json\/wp\/v2\/media?parent=7188"}],"wp:term":[{"taxonomy":"category","embeddable":true,"href":"https:\/\/test.madridemprende.anovagroup.es\/fr\/wp-json\/wp\/v2\/categories?post=7188"},{"taxonomy":"noticias","embeddable":true,"href":"https:\/\/test.madridemprende.anovagroup.es\/fr\/wp-json\/wp\/v2\/noticias?post=7188"}],"curies":[{"name":"wp","href":"https:\/\/api.w.org\/{rel}","templated":true}]}}