{"id":7190,"date":"2016-07-01T00:00:00","date_gmt":"2016-07-01T00:00:00","guid":{"rendered":"https:\/\/pre.madridemprende.anovagroup.es\/noticias\/segunda-sesin-del-ciclo-de-coffee-breaks-la-fp-dual-en-las-nuevas-empresas\/"},"modified":"2022-06-08T11:25:37","modified_gmt":"2022-06-08T09:25:37","slug":"segunda-sesin-del-ciclo-de-coffee-breaks-la-fp-dual-en-las-nuevas-empresas","status":"publish","type":"noticias","link":"https:\/\/test.madridemprende.anovagroup.es\/fr\/noticias\/segunda-sesin-del-ciclo-de-coffee-breaks-la-fp-dual-en-las-nuevas-empresas\/","title":{"rendered":"Segunda sesi\u00f3n del ciclo de Coffee Break\u2019s \u201cLa FP Dual en las nuevas empresas\u201d"},"content":{"rendered":"<p>Tras el \u00e9xito del inicio del ciclo el 28 de junio en el Vivero de Carabanchel, el pasado viernes se llevaba a cabo la segunda de las sesiones de los <a href=\\\"\/es\/noticias\/NewsModule\/displayNews\/a73b6ea0c57876a15d1f26a89645a387\\\">Coffee Break del ciclo \u201cLa FP Dual en las nuevas empresas\u201d<\/a>, esta vez en el <a href=\\\"\/es\/emprendedores\/espacios-para-emprendedores\/viveros-de-empresas\/Viveros\/ficha\/afc8e50f7473e4ebf22f02df3729b5b0\/\\\">Vivero de Moratalaz<\/a>.<\/p>\n<p>En cada sesi\u00f3n, empresas alojadas y graduadas de cada uno de los Viveros de Empresas, pymes, micropymes y\u00a0 centros educativos, encontrar\u00e1n un espacio de networking para conocer este modelo de formaci\u00f3n e identificar posibilidades de desarrollo.<\/p>\n<p>En esta ocasi\u00f3n, han acercado la experiencia desde el Centro Educativo <a href=\\\"http:\/\/www.gredossandiego.com\/\\\">Gredos San Diego<\/a>, y la empresa SERYES, corredur\u00eda de seguros \u00e9ticos.<\/p>\n<p>David S\u00e1nchez Humanes, Director General de <a href=\\\"http:\/\/seryes.com\/\\\">SERYES<\/a>, ha detallado aspectos de c\u00f3mo es el d\u00eda a d\u00eda y progreso de un alumno en su empresa, las posibilidades reales de empleabilidad, y c\u00f3mo estos nuevos talentos se suman al equipo.<\/p>\n<p>Uno de los temas m\u00e1s tratados en esta segunda sesi\u00f3n ha sido el coste de contar con alumnos de FP Dual en la empresa, y el hecho de que la inversi\u00f3n desembolsada tiene un retorno real, suponiendo una soluci\u00f3n viable al proceso de expansi\u00f3n de las nuevas empresas.<\/p>\n<p>La FP Dual supone un sistema beneficioso tanto para los alumnos como para la empresa, ya que los primeros afianzan los conocimientos adquiridos y los segundos tienen la posibilidad de convertirse en su propia cantera de equipo.<\/p>\n<p>El siguiente Coffee Break del ciclo ser\u00e1 el\u00a0<strong>pr\u00f3ximo mi\u00e9rcoles 6 de julio<\/strong>\u00a0en el <a href=\\\"\/es\/emprendedores\/espacios-para-emprendedores\/viveros-de-empresas\/Viveros\/ficha\/e159d7430288c4cd3ebc647be7b1490f\/\\\">Vivero de San Blas.<\/a><\/p>\n<p>Ap\u00fantate\u00a0<a href=\\\"\/es\/agenda\/Agenda\/evento\/coffee-break-la-fp-dual-en-las-nuevas-empresas\/126d36958e1c39a9ea7a3de82d766d90\\\">aqu\u00ed<\/a><\/p>\n","protected":false},"excerpt":{"rendered":"<p>Tras el \u00e9xito del inicio del ciclo el 28 de junio en el Vivero de&#8230;<\/p>\n","protected":false},"featured_media":7191,"template":"","meta":{"_acf_changed":false},"categories":[],"noticias":[],"class_list":["post-7190","noticias","type-noticias","status-publish","has-post-thumbnail","hentry"],"acf":[],"_links":{"self":[{"href":"https:\/\/test.madridemprende.anovagroup.es\/fr\/wp-json\/wp\/v2\/noticias\/7190"}],"collection":[{"href":"https:\/\/test.madridemprende.anovagroup.es\/fr\/wp-json\/wp\/v2\/noticias"}],"about":[{"href":"https:\/\/test.madridemprende.anovagroup.es\/fr\/wp-json\/wp\/v2\/types\/noticias"}],"version-history":[{"count":0,"href":"https:\/\/test.madridemprende.anovagroup.es\/fr\/wp-json\/wp\/v2\/noticias\/7190\/revisions"}],"wp:featuredmedia":[{"embeddable":true,"href":"https:\/\/test.madridemprende.anovagroup.es\/fr\/wp-json\/wp\/v2\/media\/7191"}],"wp:attachment":[{"href":"https:\/\/test.madridemprende.anovagroup.es\/fr\/wp-json\/wp\/v2\/media?parent=7190"}],"wp:term":[{"taxonomy":"category","embeddable":true,"href":"https:\/\/test.madridemprende.anovagroup.es\/fr\/wp-json\/wp\/v2\/categories?post=7190"},{"taxonomy":"noticias","embeddable":true,"href":"https:\/\/test.madridemprende.anovagroup.es\/fr\/wp-json\/wp\/v2\/noticias?post=7190"}],"curies":[{"name":"wp","href":"https:\/\/api.w.org\/{rel}","templated":true}]}}