{"id":7200,"date":"2016-07-13T00:00:00","date_gmt":"2016-07-13T00:00:00","guid":{"rendered":"https:\/\/pre.madridemprende.anovagroup.es\/noticias\/madrid-capital-de-moda-mcdm-un-proyecto-que-apuesta-por-convertir-a-madrid-en-referente-internacional-de-la-moda-y-del-turismo-de-compras\/"},"modified":"2022-06-08T11:25:35","modified_gmt":"2022-06-08T09:25:35","slug":"madrid-capital-de-moda-mcdm-un-proyecto-que-apuesta-por-convertir-a-madrid-en-referente-internacional-de-la-moda-y-del-turismo-de-compras","status":"publish","type":"noticias","link":"https:\/\/test.madridemprende.anovagroup.es\/fr\/noticias\/madrid-capital-de-moda-mcdm-un-proyecto-que-apuesta-por-convertir-a-madrid-en-referente-internacional-de-la-moda-y-del-turismo-de-compras\/","title":{"rendered":"Madrid Capital de Moda-MCDM, un proyecto que apuesta por convertir a Madrid en referente internacional de la moda y del turismo de compras"},"content":{"rendered":"<div style=\\\"text-align: justify;\\\">La marca MCDM aglutinar\u00e1 todos los proyectos, eventos y actividades del sector de la moda que tengan lugar en nuestra ciudad y que cuenten con el apoyo del Ayuntamiento de Madrid.<\/div>\n<div style=\\\"text-align: justify;\\\">Al acto asistieron, junto a la Delegada del \u00c1rea de Gobierno de Equidad, Derechos Sociales y Empleo, Marta Higueras Garrobo, y la Directora General de Comercio y Emprendimiento, Concepci\u00f3n D\u00edaz de Villegas-Solans, representantes de las entidades p\u00fablicas y privadas que colaboran en el proyecto, como son el\u00a0<a href=\\\"http:\/\/museodeltraje.mcu.es\/\\\" target=\\\"_blank\\\">Museo del Traje C.I.P.E.<\/a>, el\u00a0<a href=\\\"http:\/\/condeduquemadrid.es\/\\\" target=\\\"_blank\\\">centro cultural Conde Duque<\/a>,\u00a0<a href=\\\"http:\/\/www.ifema.es\/Institucional_01\/\\\" target=\\\"_blank\\\">IFEMA<\/a>, la\u00a0<a href=\\\"http:\/\/www.acotex.org\/\\\" target=\\\"_blank\\\">Asociaci\u00f3n Empresarial del Comercio Textil y Complementos<\/a>\u00a0(ACOTEX), la\u00a0<a href=\\\"http:\/\/creadores.org\/\\\" target=\\\"_blank\\\">Asociaci\u00f3n de Creadores de Moda de Espa\u00f1a<\/a>\u00a0(ACME), la\u00a0<a href=\\\"http:\/\/asecom.org\/\\\" target=\\\"_blank\\\">Asociaci\u00f3n de Empresas de Confecci\u00f3n y Moda de la Comunidad de Madrid<\/a>\u00a0(ASECOM), la Asociaci\u00f3n de <a href=\\\"http:\/\/www.zonajorgejuan.com\/\\\" target=\\\"_blank\\\">Comerciantes Zona Jorge Juan<\/a>\u00a0y la pasarela\u00a0<a href=\\\"http:\/\/www.mfshow.es\/\\\" target=\\\"_blank\\\">MFSHOW<\/a>.<\/div>\n<div style=\\\"text-align: justify;\\\">En palabras de Marta Higueras, la apertura al mundo de la moda y estilos de vida hacen de Madrid una ciudad atractiva, no s\u00f3lo para las marcas internacionales del sector cara a la presentaci\u00f3n de sus proyectos y \u00faltimas tendencias, sino tambi\u00e9n para los visitantes y el turismo de compras.<\/div>\n<div style=\\\"text-align: justify;\\\">Por su parte, el portal\u00a0<a href=\\\"http:\/\/www.madridcapitaldemoda.com\/\\\" target=\\\"_blank\\\">www.madridcapitaldemoda.com<\/a>, se configura como una gu\u00eda informativa que recoger\u00e1 todos los eventos y actividades relacionados con el mundo de la moda y estilos de vida que se celebren bajo la marca MCDM, tales como los eventos para la promoci\u00f3n del barrio de\u00a0<a href=\\\"http:\/\/salesasvillage.com\/\\\" target=\\\"_blank\\\">Salesas<\/a>, o de la zona de Jorge Juan (Mercado de las Flores o la <a href=\\\"http:\/\/www.zonajorgejuan.com\/noticias\/la-fiesta-mas-esperada-del-verano-la-noche-de-gq-san-jorge-juan-2016\/1119\/\\\" target=\\\"_blank\\\">Noche de San Jorge Juan<\/a>) o las ponencias del Ciclo <a href=\\\"http:\/\/www.acotex.org\/eventos\/dialogos-para-el-futuro-de-la-moda-2\/\\\" target=\\\"_blank\\\">\\\u00bbDi\u00e1logos para el futuro de la moda\\\u00bb<\/a>\u00a0que se celebran en el Palacio de Cibeles. La pr\u00f3xima ponencia \\\u00bbHecho en Madrid\\\u00bb tendr\u00e1 lugar en el mes de septiembre.<\/div>\n<div style=\\\"text-align: justify;\\\">Junto a ello, el centro cultural Conde Duque se ha sumado al proyecto MCDM y acoger\u00e1 entre el d\u00eda 13 y el 27 de septiembre la exposici\u00f3n \\\u00bbTrajes para Shakespeare y Cerventes\\\u00bb.<\/div>\n<div style=\\\"text-align: justify;\\\">Al proyecto se han unido tambi\u00e9n pasarelas de moda nupcial como\u00a0<a href=\\\"http:\/\/www.ateliercouture.es\/\\\" target=\\\"_blank\\\">Atelier Couture<\/a>\u00a0y\u00a0<a href=\\\"http:\/\/www.pasarelacostura.es\/\\\" target=\\\"_blank\\\">Pasarela Costura<\/a>, as\u00ed como <a href=\\\"http:\/\/casadecor.es\/\\\" target=\\\"_blank\\\">CasaDecor<\/a>.<\/div>\n<div style=\\\"text-align: justify;\\\">El sector textil y de la moda en la capital constituyen un motor econ\u00f3mico y generador de empleo. En nuestra ciudad existen m\u00e1s de 9.000 locales minoristas, aproximadamente 700 mayoristas y m\u00e1s de 600 locales de fabricaci\u00f3n dedicados al sector textil, del calzado, complementos y mobiliario.<\/div>\n","protected":false},"excerpt":{"rendered":"<p>La marca MCDM aglutinar\u00e1 todos los proyectos, eventos y actividades del&#8230;<\/p>\n","protected":false},"featured_media":7201,"template":"","meta":{"_acf_changed":false},"categories":[],"noticias":[],"class_list":["post-7200","noticias","type-noticias","status-publish","has-post-thumbnail","hentry"],"acf":[],"_links":{"self":[{"href":"https:\/\/test.madridemprende.anovagroup.es\/fr\/wp-json\/wp\/v2\/noticias\/7200"}],"collection":[{"href":"https:\/\/test.madridemprende.anovagroup.es\/fr\/wp-json\/wp\/v2\/noticias"}],"about":[{"href":"https:\/\/test.madridemprende.anovagroup.es\/fr\/wp-json\/wp\/v2\/types\/noticias"}],"version-history":[{"count":0,"href":"https:\/\/test.madridemprende.anovagroup.es\/fr\/wp-json\/wp\/v2\/noticias\/7200\/revisions"}],"wp:featuredmedia":[{"embeddable":true,"href":"https:\/\/test.madridemprende.anovagroup.es\/fr\/wp-json\/wp\/v2\/media\/7201"}],"wp:attachment":[{"href":"https:\/\/test.madridemprende.anovagroup.es\/fr\/wp-json\/wp\/v2\/media?parent=7200"}],"wp:term":[{"taxonomy":"category","embeddable":true,"href":"https:\/\/test.madridemprende.anovagroup.es\/fr\/wp-json\/wp\/v2\/categories?post=7200"},{"taxonomy":"noticias","embeddable":true,"href":"https:\/\/test.madridemprende.anovagroup.es\/fr\/wp-json\/wp\/v2\/noticias?post=7200"}],"curies":[{"name":"wp","href":"https:\/\/api.w.org\/{rel}","templated":true}]}}