{"id":7204,"date":"2016-07-15T00:00:00","date_gmt":"2016-07-15T00:00:00","guid":{"rendered":"https:\/\/pre.madridemprende.anovagroup.es\/noticias\/abiertas-las-inscripciones-en-el-10-ciclo-de-cursos-de-la-escuela-secot-de-emprendedores-de-madrid\/"},"modified":"2022-06-08T11:25:35","modified_gmt":"2022-06-08T09:25:35","slug":"abiertas-las-inscripciones-en-el-10-ciclo-de-cursos-de-la-escuela-secot-de-emprendedores-de-madrid","status":"publish","type":"noticias","link":"https:\/\/test.madridemprende.anovagroup.es\/fr\/noticias\/abiertas-las-inscripciones-en-el-10-ciclo-de-cursos-de-la-escuela-secot-de-emprendedores-de-madrid\/","title":{"rendered":"Abiertas las inscripciones en el 10\u00ba ciclo de cursos de la Escuela Secot de Emprendedores de Madrid"},"content":{"rendered":"<p><span style=\\\"font-family: verdana, geneva; font-size: 10pt;\\\"><\/p>\n<p>La Escuela Secot de Emprendedores de Madrid, eSemp, ha iniciado el proceso de inscripci\u00f3n para nuevos alumnos de la d\u00e9cima edici\u00f3n de sus cursos, seminarios y jornadas de formaci\u00f3n empresarial. El ciclo se inaugurar\u00e1 el pr\u00f3ximo 12 de septiembre con el curso de Marketing y Gesti\u00f3n Comercial.<\/span><\/p>\n<p><span style=\\\"font-family: verdana, geneva; font-size: 10pt;\\\">Esta formaci\u00f3n, sin coste para los alumnos, tiene como objetivo dotar de conocimientos esenciales para el emprendimiento, en materias y conceptos necesarios de la actividad empresarial, a todos aquellos emprendedores que tengan un proyecto y se encuentren con dudas ante el desaf\u00edo de emprender. Los emprendedores tienen as\u00ed la oportunidad de recibir una formaci\u00f3n pr\u00e1ctica en SECOT antes de ser asesorados por sus Voluntarios Senior. Los cursos ofertados son los siguientes:<\/span><\/p>\n<ul>\n<li><span style=\\\"font-family: verdana, geneva; font-size: 10pt;\\\">Curso de Iniciaci\u00f3n al Marketing y a la Gesti\u00f3n Comercial (48 h,12 jornadas)<\/span><\/li>\n<li><span style=\\\"font-family: verdana, geneva; font-size: 10pt;\\\">Curso la Gesti\u00f3n Financiero-Administrativa de la empresa (48 h,12 jornadas)<\/span><\/li>\n<li><span style=\\\"font-family: verdana, geneva; font-size: 10pt;\\\">Curso Formaci\u00f3n Integral para el Emprendimiento (72 h, 18 jornadas)<\/span><\/li>\n<li><span style=\\\"font-family: verdana, geneva; font-size: 10pt;\\\">Curso de Competencias y Habilidades del Emprendedor (44 h, 11 jornadas)<\/span><\/li>\n<li><span style=\\\"font-family: verdana, geneva; font-size: 10pt;\\\">Seminarios Plan de Empresa (4 seminarios de 20 horas en los meses de septiembre, octubre, noviembre y diciembre)<\/span><\/li>\n<\/ul>\n<p><span style=\\\"font-family: verdana, geneva; font-size: 10pt;\\\">En el primer semestre de 2016, eSemp Madrid capacit\u00f3 y entreg\u00f3 los correspondientes diplomas a 190 alumnos que asistieron a cursos dirigidos fundamentalmente a emprendedores que deseaban poner en marcha un determinado proyecto empresarial y carec\u00edan de los conocimientos necesarios para la creaci\u00f3n, desarrollo e implantaci\u00f3n de su idea.<\/span><\/p>\n<p><span style=\\\"font-family: verdana, geneva; font-size: 10pt;\\\"><span lang=\\\"ES-TRAD\\\" style=\\\"text-align: justify;\\\">Estos ciclos formativos, con un total de<\/span><span lang=\\\"ES-TRAD\\\" style=\\\"text-align: justify;\\\">324 horas lectivas, se desarrollan gracias al apoyo recibido por parte del Ayuntamiento de Madrid, la Comunidad de Madrid y la Fundaci\u00f3n Rafael del Pino. \u00a0<\/p>\n<p><\/span>M\u00e1s informaci\u00f3n sobre los cursos e inscripci\u00f3n a los mismos en <a href=\\\"https:\/\/sites.google.com\/site\/escuelasecotdeemprendedores\/\\\" target=\\\"_blank\\\">www.escuelasecotemprendedores.org <\/a>\u00a0<\/span><\/p>\n","protected":false},"excerpt":{"rendered":"<p>La Escuela Secot de Emprendedores de Madrid, eSemp, ha iniciado el proceso&#8230;<\/p>\n","protected":false},"featured_media":7205,"template":"","meta":{"_acf_changed":false},"categories":[],"noticias":[],"class_list":["post-7204","noticias","type-noticias","status-publish","has-post-thumbnail","hentry"],"acf":[],"_links":{"self":[{"href":"https:\/\/test.madridemprende.anovagroup.es\/fr\/wp-json\/wp\/v2\/noticias\/7204"}],"collection":[{"href":"https:\/\/test.madridemprende.anovagroup.es\/fr\/wp-json\/wp\/v2\/noticias"}],"about":[{"href":"https:\/\/test.madridemprende.anovagroup.es\/fr\/wp-json\/wp\/v2\/types\/noticias"}],"version-history":[{"count":0,"href":"https:\/\/test.madridemprende.anovagroup.es\/fr\/wp-json\/wp\/v2\/noticias\/7204\/revisions"}],"wp:featuredmedia":[{"embeddable":true,"href":"https:\/\/test.madridemprende.anovagroup.es\/fr\/wp-json\/wp\/v2\/media\/7205"}],"wp:attachment":[{"href":"https:\/\/test.madridemprende.anovagroup.es\/fr\/wp-json\/wp\/v2\/media?parent=7204"}],"wp:term":[{"taxonomy":"category","embeddable":true,"href":"https:\/\/test.madridemprende.anovagroup.es\/fr\/wp-json\/wp\/v2\/categories?post=7204"},{"taxonomy":"noticias","embeddable":true,"href":"https:\/\/test.madridemprende.anovagroup.es\/fr\/wp-json\/wp\/v2\/noticias?post=7204"}],"curies":[{"name":"wp","href":"https:\/\/api.w.org\/{rel}","templated":true}]}}