{"id":7206,"date":"2016-07-15T00:00:00","date_gmt":"2016-07-15T00:00:00","guid":{"rendered":"https:\/\/pre.madridemprende.anovagroup.es\/noticias\/finaliza-el-ciclo-de-coffee-breaks-la-fp-dual-en-las-nuevas-empresas-organizado-en-la-red-de-viveros\/"},"modified":"2023-09-05T10:50:06","modified_gmt":"2023-09-05T08:50:06","slug":"finaliza-el-ciclo-de-coffee-breaks-la-fp-dual-en-las-nuevas-empresas-organizado-en-la-red-de-viveros","status":"publish","type":"noticias","link":"https:\/\/test.madridemprende.anovagroup.es\/fr\/noticias\/finaliza-el-ciclo-de-coffee-breaks-la-fp-dual-en-las-nuevas-empresas-organizado-en-la-red-de-viveros\/","title":{"rendered":"Finaliza el ciclo de Coffee Break\u2019s \u201cLa FP dual en las nuevas empresas\u201d organizado en la Red de Viveros"},"content":{"rendered":"<p>El pasado 15 de julio se clausur\u00f3 en el <a href=\"\\&quot;\/es\/emprendedores\/espacios-para-emprendedores\/viveros-de-empresas\/Viveros\/ficha\/629dbcf35eceda5bdc3635506297bbcf\/\\&quot;\">Vivero de Villaverde<\/a> el ciclo <a href=\"\\&quot;\/es\/noticias\/NewsModule\/displayNewsSeo\/ciclo-de-coffee-breaks-la-fp-dual-en-las-nuevas-empresas-a73b6ea0c57876a15d1f26a89645a387\/a1e68e17934928aa18a4ef4fdc33060d\/\\&quot;\">Coffee Break\u2019s \u201cLa FP dual en las nuevas empresas\u201d<\/a> con la sexta y \u00faltima de las jornadas de networking en las que se han intercambiado experiencias sobre este nuevo sistema formativo<\/p>\n<p>Durante dos semanas, estos encuentros han recorrido los espacios de la <a href=\"\\&quot;\/es\/emprendedores\/espacios-para-emprendedores\/viveros-de-empresas\\&quot;\">Red de Viveros del Ayuntamiento de Madrid<\/a> con el objetivo de ofrecer a las empresas alojadas y graduadas de cada uno de los Viveros, as\u00ed como a pymes y micropymes, y a centros educativos, un espacio para conocer el modelo de Formaci\u00f3n Profesional Dual e intercambiar conocimientos y experiencias.<\/p>\n<p>El primer encuentro tuvo lugar el\u00a0<a href=\"\\&quot;\/es\/agenda\/Agenda\/evento\/coffee-break-la-fp-dual-en-las-nuevas-empresas\/715c1d40272a17000d8f881ef9b0f4c5\/\\&quot;\">28 de junio en el Vivero de Carabanchel<\/a>, seguido de los Viveros de\u00a0<a href=\"\\&quot;\/es\/agenda\/Agenda\/evento\/coffee-break-la-fp-dual-en-las-nuevas-empresas\/764c483984fa9dfecd69eb6eb71faa3f\/\\&quot;\">Moratalaz<\/a>,\u00a0<a href=\"\\&quot;\/es\/agenda\/Agenda\/evento\/coffee-break-la-fp-dual-en-las-nuevas-empresas\/126d36958e1c39a9ea7a3de82d766d90\/\\&quot;\">San Blas<\/a>,\u00a0<a href=\"\\&quot;\/es\/agenda\/Agenda\/evento\/coffee-break-la-fp-dual-en-las-nuevas-empresas-\/549306412635b4b800adbe8fa26e5d0a\/\\&quot;\">Vic\u00e1lvaro<\/a>,\u00a0<a href=\"\\&quot;\/es\/agenda\/Agenda\/evento\/coffee-break-la-fp-dual-en-las-nuevas-empresas\/0367237c302425743e279e815e2edbe1\/\\&quot;\">Puente de Vallecas<\/a>\u00a0y\u00a0<a href=\"\\&quot;\/es\/agenda\/Agenda\/evento\/coffee-break-la-fp-dual-en-las-nuevas-empresas\/fad2788045de7f1b9d5fe8fc58823ee8\/\\&quot;\">Villaverde<\/a> , y en todos ellos ha participado el <a href=\"\/\/www.madrid.es\/portal\/site\/munimadrid\\&quot;\">Ayuntamiento de Madrid<\/a> junto a\u00a0la Alianza para la Formaci\u00f3n Profesional Dual, la\u00a0Fundaci\u00f3n Bertelsmann\u00a0y\u00a0CEIM\u00a0Confederaci\u00f3n Empresarial de Madrid-CEOE.<\/p>\n<p>En estas seis jornadas en las que han contado sus experiencia los centros educativos <a href=\"\/\/www.gredossandiego.com\/colegios.aspx?colegio=5\\&quot;\">GSD Las Suertes<\/a>, <a href=\"\/\/www.padrepiquer.es\/\\&quot;\">Padre Piquer<\/a>, <a href=\"\/\/ies.santaengracia.madrid.educa.madrid.org\/\\&quot;\">IES Santa Engracia<\/a> e <a href=\"\/\/www.palomafp.org\/joomla32\/index.php\\&quot;\">IES Virgen de la Paloma<\/a>, y las empresas <a href=\"https:\/\/www.infoempleo.com\/\" target=\"_blank\" rel=\"noopener\">Infoempleo<\/a>, <a href=\"\/\/seryes.com\/\\&quot;\">SERYES<\/a>, <a href=\"\/\/www.arvato.com\/es-en.html\\&quot;\">Arvato<\/a>, <a href=\"\/\/www.dragosolutions.com\/\\&quot;\">Drago<\/a> y <a href=\"\/\/www.teresapalazuelo.com\/\\&quot;\">Teresa Palazuelo<\/a>, se han puesto en relieve los beneficios que aporta la FP Dual, tanto para la empresa como para el centro formativo, al ser un acercamiento real entre el mundo laboral y formativo, identific\u00e1ndose posibilidades de desarrollo.<\/p>\n<p>Con la FP dual las empresas pueden adaptar el curr\u00edculo acad\u00e9mico a sus necesidades de formaci\u00f3n y convertirse as\u00ed en empresas que imparten contenido formativo con valor curricular.\u00a0Adem\u00e1s, se ha dejado claro durante las jornadas que el coste de contar con alumnos de FP Dual en la empresa es generalmente positivo, ya que la inversi\u00f3n desembolsada tiene un retorno real, suponiendo una soluci\u00f3n viable al proceso de expansi\u00f3n de las nuevas empresas.<\/p>\n<p>La Red de Viveros de Empresas son un gran instrumento para el crecimiento de las empresas, con garant\u00edas de sostenibilidad, y la FP Dual puede ser una gran soluci\u00f3n para estas empresas para encontrar y modelar profesionales adaptados a sus necesidades.<\/p>\n<p>Para m\u00e1s informaci\u00f3n <a href=\"\/\/www.fundacionbertelsmann.org\/es\/home\/formacion-profesional-dual\/formacion-profesional-dual\/alianza-por-la-formacion-profesional-dual-que-es\/\\&quot;\">haz aqu\u00ed<\/a><\/p>\n","protected":false},"excerpt":{"rendered":"<p>El pasado 15 de julio se clausur\u00f3 en el Vivero de Villaverde el ciclo&#8230;<\/p>\n","protected":false},"featured_media":7207,"template":"","meta":{"_acf_changed":false},"categories":[],"noticias":[],"class_list":["post-7206","noticias","type-noticias","status-publish","has-post-thumbnail","hentry"],"acf":[],"_links":{"self":[{"href":"https:\/\/test.madridemprende.anovagroup.es\/fr\/wp-json\/wp\/v2\/noticias\/7206"}],"collection":[{"href":"https:\/\/test.madridemprende.anovagroup.es\/fr\/wp-json\/wp\/v2\/noticias"}],"about":[{"href":"https:\/\/test.madridemprende.anovagroup.es\/fr\/wp-json\/wp\/v2\/types\/noticias"}],"version-history":[{"count":0,"href":"https:\/\/test.madridemprende.anovagroup.es\/fr\/wp-json\/wp\/v2\/noticias\/7206\/revisions"}],"wp:featuredmedia":[{"embeddable":true,"href":"https:\/\/test.madridemprende.anovagroup.es\/fr\/wp-json\/wp\/v2\/media\/7207"}],"wp:attachment":[{"href":"https:\/\/test.madridemprende.anovagroup.es\/fr\/wp-json\/wp\/v2\/media?parent=7206"}],"wp:term":[{"taxonomy":"category","embeddable":true,"href":"https:\/\/test.madridemprende.anovagroup.es\/fr\/wp-json\/wp\/v2\/categories?post=7206"},{"taxonomy":"noticias","embeddable":true,"href":"https:\/\/test.madridemprende.anovagroup.es\/fr\/wp-json\/wp\/v2\/noticias?post=7206"}],"curies":[{"name":"wp","href":"https:\/\/api.w.org\/{rel}","templated":true}]}}