{"id":7220,"date":"2016-09-15T00:00:00","date_gmt":"2016-09-15T00:00:00","guid":{"rendered":"https:\/\/pre.madridemprende.anovagroup.es\/noticias\/madrid-capital-de-moda-y-gran-canaria-clida-unidas-para-acercar-la-moda-al-pblico-de-la-capital\/"},"modified":"2022-06-08T11:25:01","modified_gmt":"2022-06-08T09:25:01","slug":"madrid-capital-de-moda-y-gran-canaria-clida-unidas-para-acercar-la-moda-al-pblico-de-la-capital","status":"publish","type":"noticias","link":"https:\/\/test.madridemprende.anovagroup.es\/fr\/noticias\/madrid-capital-de-moda-y-gran-canaria-clida-unidas-para-acercar-la-moda-al-pblico-de-la-capital\/","title":{"rendered":"Madrid capital de Moda y Gran Canaria C\u00e1lida unidas para acercar la moda al p\u00fablico de la capital"},"content":{"rendered":"<p>El pasado 6 de septiembre, como parte del programa <a href=\\\"http:\/\/www.madridcapitaldemoda.com\/\\\">Madrid Capital de Moda<\/a>, el <a href=\\\"http:\/\/www.madrid.es\/\\\">Ayuntamiento de Madrid<\/a> y el <a href=\\\"http:\/\/cabildo.grancanaria.com\/\\\">Cabildo de Gran Canaria<\/a> instalaron en la Plaza Margaret Thatcher junto a Col\u00f3n, una pantalla gigante en la que poder disfrutar de los desfiles del mes de la moda.<\/p>\n<p>El 15 de septiembre, Marta Higueras, Delegada del \u00c1rea de Equidad, Derechos Sociales y Empleo, y Concha D\u00edaz de Villegas, Directora General de <a href=\\\"\/es\\\">Comercio y Emprendimiento del Ayuntamiento de Madrid<\/a>, han presentado oficialmente junto a Minerva Alonso e In\u00e9s Jim\u00e9nez, del Cabildo de Gran Canaria, esta gran pantalla que acercar\u00e1 los desfiles del mes de la moda en Madrid a madrile\u00f1os y visitantes.<\/p>\n<p>Desde ella podr\u00e1n verse en directo las pasarelas de <a href=\\\"http:\/\/www.mfshow.es\/calendario\/\\\">MFSHOW MEN<\/a> y <a href=\\\"http:\/\/www.mfshow.es\/women\/\\\">MFSHOW WOMEN<\/a>, <a href=\\\"http:\/\/www.ifema.es\/mercedesbenzfwm_01\/\\\">Mercedes Benz Fashion Week Madrid<\/a> y Samsung EGO. Estar\u00e1 abierta para acoger a todo el p\u00fablico que quiera acercarse a conocer las novedades para las siguientes temporadas, reafirmando el car\u00e1cter aperturista del Ayuntamiento de Madrid frente a las eventos de moda.<\/p>\n<p>Esta iniciativa forma parte del proyecto Madrid Capital de Moda (#MCDM), liderado por la Direcci\u00f3n General, que tiene como objetivo aunar todas las acciones de moda llevadas a cabo en la capital y acercarlas al p\u00fablico general.<\/p>\n<p>Por su parte, el Cabildo de Gran Canaria aprovech\u00f3 la visita para presentar a los madrile\u00f1os su programa <a href=\\\"http:\/\/www.grancanariamodacalida.es\/home\\\">Gran Canaria Moda C\u00e1lida<\/a>, apoy\u00e1ndose en Madrid Capital de Moda para presentar los principales eventos que organiza: <a href=\\\"https:\/\/www.facebook.com\/events\/1128940237130333\/\\\">Bridal Collection,<\/a> Gran Canaria Swimwear Fashion Week y Fashion&#038;Friends.<\/p>\n<p>Desde el Ayuntamiento se hizo hincapi\u00e9 en la importancia que el sector de la moda tiene para la capital, siendo una de las piezas clave de la actividad econ\u00f3mica y atractivo de nuestra ciudad.<\/p>\n<p>Visita la web de <a href=\\\"http:\/\/www.madridcapitaldemoda.com\/\\\">Madrid Capital de Moda<\/a> para estar al d\u00eda sobre todos los eventos, congresos, ponencias, exposiciones, desfiles y acciones sobre moda que se celebran en Madrid.<\/p>\n","protected":false},"excerpt":{"rendered":"<p>El pasado 6 de septiembre, como parte del programa Madrid Capital de Moda,&#8230;<\/p>\n","protected":false},"featured_media":7221,"template":"","meta":{"_acf_changed":false},"categories":[],"noticias":[],"class_list":["post-7220","noticias","type-noticias","status-publish","has-post-thumbnail","hentry"],"acf":[],"_links":{"self":[{"href":"https:\/\/test.madridemprende.anovagroup.es\/fr\/wp-json\/wp\/v2\/noticias\/7220"}],"collection":[{"href":"https:\/\/test.madridemprende.anovagroup.es\/fr\/wp-json\/wp\/v2\/noticias"}],"about":[{"href":"https:\/\/test.madridemprende.anovagroup.es\/fr\/wp-json\/wp\/v2\/types\/noticias"}],"version-history":[{"count":0,"href":"https:\/\/test.madridemprende.anovagroup.es\/fr\/wp-json\/wp\/v2\/noticias\/7220\/revisions"}],"wp:featuredmedia":[{"embeddable":true,"href":"https:\/\/test.madridemprende.anovagroup.es\/fr\/wp-json\/wp\/v2\/media\/7221"}],"wp:attachment":[{"href":"https:\/\/test.madridemprende.anovagroup.es\/fr\/wp-json\/wp\/v2\/media?parent=7220"}],"wp:term":[{"taxonomy":"category","embeddable":true,"href":"https:\/\/test.madridemprende.anovagroup.es\/fr\/wp-json\/wp\/v2\/categories?post=7220"},{"taxonomy":"noticias","embeddable":true,"href":"https:\/\/test.madridemprende.anovagroup.es\/fr\/wp-json\/wp\/v2\/noticias?post=7220"}],"curies":[{"name":"wp","href":"https:\/\/api.w.org\/{rel}","templated":true}]}}