{"id":7226,"date":"2016-09-20T00:00:00","date_gmt":"2016-09-20T00:00:00","guid":{"rendered":"https:\/\/pre.madridemprende.anovagroup.es\/noticias\/presentacin-ante-asociaciones-y-empresarios-de-la-plataforma-mercado47\/"},"modified":"2022-06-08T11:25:01","modified_gmt":"2022-06-08T09:25:01","slug":"presentacin-ante-asociaciones-y-empresarios-de-la-plataforma-mercado47","status":"publish","type":"noticias","link":"https:\/\/test.madridemprende.anovagroup.es\/fr\/noticias\/presentacin-ante-asociaciones-y-empresarios-de-la-plataforma-mercado47\/","title":{"rendered":"Presentaci\u00f3n ante asociaciones y empresarios de la plataforma mercado47"},"content":{"rendered":"<p>Hoy se ha presentado en el Sal\u00f3n de Actos del Palacio de Cibeles, mercado47.com, una plataforma para digitalizar todo el ecosistema empresarial madrile\u00f1o que surge de la colaboraci\u00f3n p\u00fablico-privada entre el Ayuntamiento de Madrid, a trav\u00e9s de la Direcci\u00f3n General de Comercio y Emprendimiento, y <a href=\\\"http:\/\/www.hermeneusworld.com\/\\\">Hermeneus World<\/a>, firma especializada en la digitalizaci\u00f3n de ecosistemas empresariales, con el apoyo del BBVA como partner para la adopci\u00f3n de sistemas de pago seguros.<\/p>\n<p><a href=\\\"http:\/\/www.mercado47.com\/\\\">mercado47.com<\/a>, es una innovadora plataforma de comercio electr\u00f3nico dirigida a facilitar la digitalizaci\u00f3n de las pymes madrile\u00f1as y su entrada y posicionamiento en el comercio electr\u00f3nico con mayor fortaleza que si lo hiciesen de manera individual. Su denominaci\u00f3n, mercado47, obedece a que es un mercado virtual, al que puede entrar cualquier pyme madrile\u00f1a, que se viene a sumar a los 46 mercados f\u00edsicos que integran la red de mercados municipales de la ciudad.<\/p>\n<p>La Directora General de Comercio y Emprendimiento, <strong>Concepci\u00f3n Diaz de Villegas Sol\u00e1ns<\/strong>, ha presentado el acto, remarcando que c\u00f3mo \u201c<em>Mercado 47 es un espacio de igualdad de oportunidades para el peque\u00f1o comercio<\/em>\u201d. Este espacio surge del reconocimiento de que \u201c<em>todos los empresarios del tejido comercial madrile\u00f1o son indispensables para crear ciudad<\/em>\u201c. Sin embargo, como la Directora record\u00f3, el comercio electr\u00f3nico es una realidad que ha venido para quedarse, y por ello \u201c<em>necesitamos que los peque\u00f1os comercios sigan estando en la calle, pero tambi\u00e9n tener la oportunidad de elegir estar en el comercio electr\u00f3nico<\/em>\u201d.<\/p>\n<p>La Alcaldesa de Madrid, <strong>Manuela Carmena<\/strong>, ha asistido al acto de presentaci\u00f3n de la plataforma y ha se\u00f1alado que \u201c<em>e<\/em><em>l comercio de Madrid es una joya y tenemos que hacer todo lo posible para mejorarlo, enriquecerlo y estar orgullos\u00edsimos de \u00e9l<\/em>\u201d. La Alcaldesa ha reconocido la importancia que para el Ayuntamiento de Madrid supone el comercio, y por ello \u201c<em>queremos hacer todo lo que sea necesario para que vayamos por la senda de la innovaci\u00f3n y el desarrollo<\/em>\u201d.<\/p>\n<p>El objetivo \u00faltimo de Mercado47 es dotar a comercios, peque\u00f1as y medianas empresas y aut\u00f3nomos de Madrid, de las herramientas necesarias para que sean competitivos en la actualidad y puedan adaptar sus procesos de negocio a las nuevas tecnolog\u00edas. En este sentido, la plataforma facilita el acceso a las posibilidades que ofrece el comercio electr\u00f3nico de una manera sencilla y asequible, permitiendo que la oferta de comercios, empresas y aut\u00f3nomos de la capital, independientemente de su sector, est\u00e9 accesible a un click de distancia para todos los usuarios de Internet.<\/p>\n<p>El director general de Hermeneus World , <strong>Eduardo Elorriaga<\/strong>, ha explicado de forma pormenorizada el proyecto a los asistentes, centr\u00e1ndose en la parte m\u00e1s pr\u00e1ctica y visual de la plataforma: \u201c<em>Una plataforma adaptada a vuestra realidad y no al rev\u00e9s<\/em>\u201d, coment\u00f3 a los comercios presentes.<\/p>\n<p>Adem\u00e1s, tres participantes en el proyecto, han contado su experiencia formando parte de Mercado47: \u00d3ptica Mediterraneo, Meyra y Somolinos como comercios, y el director general de Seur, como empresa de log\u00edstica.<\/p>\n<p>El desarrollo tecnol\u00f3gico de la plataforma se llev\u00f3 a cabo desde finales de 2015 hasta finales de febrero de 2016 y se present\u00f3 a los mercados municipales y al conjunto de las pymes madrile\u00f1as a trav\u00e9s de CEIM y distintas asociaciones empresariales, en el mes de marzo. Desde marzo hasta la actualidad ya se han unido a la iniciativa unas 100 empresas, las cuales en la actualidad han puesto a la venta 3.000 productos y servicios.<\/p>\n<p>Los comercios adheridos a <a href=\\\"http:\/\/www.mercado47.com\/\\\">mercado47.com<\/a> disponen ya de todo lo necesario para promocionarse y vender en Internet de forma aut\u00f3noma, formando parte de una comunidad de consumo responsable y \u00e9tico, que pone a disposici\u00f3n de los madrile\u00f1os el comercio de Madrid a un solo click.<\/p>\n<div style=\\\"text-align: center;\\\"><iframe src=\\\"https:\/\/www.youtube.com\/embed\/kDtA2y6OoiU\\\" width=\\\"560\\\" height=\\\"315\\\" frameborder=\\\"0\\\" allowfullscreen=\\\"\\\"><\/iframe><\/div>\n","protected":false},"excerpt":{"rendered":"<p>Hoy se ha presentado en el Sal\u00f3n de Actos del Palacio de Cibeles,&#8230;<\/p>\n","protected":false},"featured_media":7227,"template":"","meta":{"_acf_changed":false},"categories":[],"noticias":[],"class_list":["post-7226","noticias","type-noticias","status-publish","has-post-thumbnail","hentry"],"acf":[],"_links":{"self":[{"href":"https:\/\/test.madridemprende.anovagroup.es\/fr\/wp-json\/wp\/v2\/noticias\/7226"}],"collection":[{"href":"https:\/\/test.madridemprende.anovagroup.es\/fr\/wp-json\/wp\/v2\/noticias"}],"about":[{"href":"https:\/\/test.madridemprende.anovagroup.es\/fr\/wp-json\/wp\/v2\/types\/noticias"}],"version-history":[{"count":0,"href":"https:\/\/test.madridemprende.anovagroup.es\/fr\/wp-json\/wp\/v2\/noticias\/7226\/revisions"}],"wp:featuredmedia":[{"embeddable":true,"href":"https:\/\/test.madridemprende.anovagroup.es\/fr\/wp-json\/wp\/v2\/media\/7227"}],"wp:attachment":[{"href":"https:\/\/test.madridemprende.anovagroup.es\/fr\/wp-json\/wp\/v2\/media?parent=7226"}],"wp:term":[{"taxonomy":"category","embeddable":true,"href":"https:\/\/test.madridemprende.anovagroup.es\/fr\/wp-json\/wp\/v2\/categories?post=7226"},{"taxonomy":"noticias","embeddable":true,"href":"https:\/\/test.madridemprende.anovagroup.es\/fr\/wp-json\/wp\/v2\/noticias?post=7226"}],"curies":[{"name":"wp","href":"https:\/\/api.w.org\/{rel}","templated":true}]}}