{"id":7230,"date":"2016-09-28T00:00:00","date_gmt":"2016-09-28T00:00:00","guid":{"rendered":"https:\/\/pre.madridemprende.anovagroup.es\/noticias\/madrid-retail-congress-rene-a-la-mayor-muestra-del-comercio-minorista\/"},"modified":"2022-06-08T11:25:00","modified_gmt":"2022-06-08T09:25:00","slug":"madrid-retail-congress-rene-a-la-mayor-muestra-del-comercio-minorista","status":"publish","type":"noticias","link":"https:\/\/test.madridemprende.anovagroup.es\/fr\/noticias\/madrid-retail-congress-rene-a-la-mayor-muestra-del-comercio-minorista\/","title":{"rendered":"Madrid Retail Congress re\u00fane a la mayor muestra del comercio minorista"},"content":{"rendered":"<p>Los d\u00edas 28 y 29 de septiembre est\u00e1 teniendo\u00a0lugar en el <a href=\\\"http:\/\/www.palaciocongresosmadrid.es\/Default.aspx\\\"><strong>Palacio Municipal de Congresos de Madrid<\/strong><\/a> <a href=\\\"http:\/\/www.madridretailcongress.com\/\\\">Madrid Retail Congres<\/a>, el principal foro de conocimiento del comercio minorista y espacio de encuentro para empresas y profesionales del sector.<\/p>\n<p>En la segunda edici\u00f3n del evento referente nacional se est\u00e1 abordando\u00a0la realidad comercial en Espa\u00f1a y las herramientas de las que disponen los empresarios para mejorar su negocio, principalmente los cambios que ha de afrontar el comercio en la era digital.<\/p>\n<p><strong>Manuel Garc\u00eda-Izquierdo<\/strong>, presidente de la <a href=\\\"http:\/\/www.cec-comercio.com\/\\\">Confederaci\u00f3n Espa\u00f1ola de Comercio<\/a>\u00a0ha presentado el evento como la \u201c<em>respuesta real, sincera y trabajada a los anhelos que tenemos los comerciantes<\/em>\u201d, defendiendo el mantenimiento de todos los formatos posibles en el comercio.<\/p>\n<p><strong>Luis Pacheco<\/strong>, presidente de la <a href=\\\"http:\/\/www.cocem.es\/\\\">Confederaci\u00f3n de Comercio de Madrid<\/a>, ha comentado\u00a0c\u00f3mo \u201cel comercio contribuye a la sostenibilidad de las ciudades, fomentando su calidad\u201d.<\/p>\n<p>En la apertura han intervenido\u00a0adem\u00e1s como ponentes <strong>Luis Colorado<\/strong>, director de <a href=\\\"http:\/\/www.santander.com\/\\\">Banca Comercial de Santander Espa\u00f1a<\/a>; <strong>Concepci\u00f3n D\u00edaz de Villegas<\/strong>, directora general de Comercio y Emprendimiento del <a href=\\\"\/NdSite\/Ctrl\/CMS\/displayPageContent\/ce3ef279d2f81b58a8ee81619765eab3\/086d10e47bf29098d8d659cc16486503\/NewsModule\/newNews\/madrid.org\\\">Ayuntamiento de Madrid<\/a>, y <strong>Mar\u00eda Jos\u00e9 P\u00e9rez-Cejuela<\/strong>, directora general de <a href=\\\"http:\/\/www.madrid.org\/cs\/Satellite?c=CM_Agrupador_FP&#038;cid=1109266227118&#038;idConsejeria=1109266187242&#038;idListConsj=1109265444710&#038;idOrganismo=1109266227118&#038;pagename=ComunidadMadrid\/Estructura\\\">Comercio y Consumo de la Comunidad de Madrid<\/a>, cerrando el acto <strong>Jaime Garc\u00eda-Legaz<\/strong>, <a href=\\\"http:\/\/www.comercio.gob.es\/es-ES\/Paginas\/default.aspx\\\">Secretario de Estado de Comercio<\/a>.<\/p>\n<p>La directora de Comercio y Emprendimiento ha asegurado\u00a0que desde el Ayuntamiento de Madrid \u201c<em>no podemos concebir la ciudad de Madrid sin su comercio<\/em>\u201d y por ello ha recordado que la administraci\u00f3n municipal est\u00e1 a disponibilidad del comercio madrile\u00f1o para que este sea m\u00e1s fuerte y siga siendo referente como ha sido hasta ahora.<\/p>\n<p>Durante estos dos d\u00edas, se aborda\u00a0la realidad comercial en Espa\u00f1a y las herramientas de las que disponen los empresarios para mejorar su negocio. Retailers de prestigio comparten con\u00a0los asistentes sus experiencias de \u00e9xito para dar respuesta a las aspiraciones de mejora del comercio, y grandes profesionales est\u00e1n analizando\u00a0los actuales h\u00e1bitos y perfiles del consumidor, que demanda la adopci\u00f3n de nuevas propuestas de oferta. La realidad comercial en Espa\u00f1a est\u00e1 experimentado importantes cambios y el empresario necesita aportar a sus clientes el mejor de los servicios.<\/p>\n<p>Cerca de 2.000 participantes presenciales y online asistir\u00e1n\u00a0al congreso, organizado por la Confederaci\u00f3n Espa\u00f1ola de Comercio CEC, la Confederaci\u00f3n de Comercio de Madrid COCEM y el grupo especializado D\/A Retail Distribuci\u00f3n Actualidad.<\/p>\n","protected":false},"excerpt":{"rendered":"<p>Los d\u00edas 28 y 29 de septiembre est\u00e1 teniendo\u00a0lugar en el Palacio Municipal&#8230;<\/p>\n","protected":false},"featured_media":7231,"template":"","meta":{"_acf_changed":false},"categories":[],"noticias":[],"class_list":["post-7230","noticias","type-noticias","status-publish","has-post-thumbnail","hentry"],"acf":[],"_links":{"self":[{"href":"https:\/\/test.madridemprende.anovagroup.es\/fr\/wp-json\/wp\/v2\/noticias\/7230"}],"collection":[{"href":"https:\/\/test.madridemprende.anovagroup.es\/fr\/wp-json\/wp\/v2\/noticias"}],"about":[{"href":"https:\/\/test.madridemprende.anovagroup.es\/fr\/wp-json\/wp\/v2\/types\/noticias"}],"version-history":[{"count":0,"href":"https:\/\/test.madridemprende.anovagroup.es\/fr\/wp-json\/wp\/v2\/noticias\/7230\/revisions"}],"wp:featuredmedia":[{"embeddable":true,"href":"https:\/\/test.madridemprende.anovagroup.es\/fr\/wp-json\/wp\/v2\/media\/7231"}],"wp:attachment":[{"href":"https:\/\/test.madridemprende.anovagroup.es\/fr\/wp-json\/wp\/v2\/media?parent=7230"}],"wp:term":[{"taxonomy":"category","embeddable":true,"href":"https:\/\/test.madridemprende.anovagroup.es\/fr\/wp-json\/wp\/v2\/categories?post=7230"},{"taxonomy":"noticias","embeddable":true,"href":"https:\/\/test.madridemprende.anovagroup.es\/fr\/wp-json\/wp\/v2\/noticias?post=7230"}],"curies":[{"name":"wp","href":"https:\/\/api.w.org\/{rel}","templated":true}]}}