{"id":7246,"date":"2016-10-17T00:00:00","date_gmt":"2016-10-17T00:00:00","guid":{"rendered":"https:\/\/pre.madridemprende.anovagroup.es\/noticias\/nueva-cita-de-la-feria-del-empleo-en-la-era-digital-feed2016\/"},"modified":"2022-06-08T11:24:58","modified_gmt":"2022-06-08T09:24:58","slug":"nueva-cita-de-la-feria-del-empleo-en-la-era-digital-feed2016","status":"publish","type":"noticias","link":"https:\/\/test.madridemprende.anovagroup.es\/fr\/noticias\/nueva-cita-de-la-feria-del-empleo-en-la-era-digital-feed2016\/","title":{"rendered":"Nueva cita de la  Feria del Empleo en la Era Digital #FEED2016"},"content":{"rendered":"<p>La III Feria de Empleo en la Era Digital se celebrar\u00e1 el <strong>15 y 16 de noviembre<\/strong> en el <a href=\\\"http:\/\/www.madrid.es\/portales\/munimadrid\/es\/Inicio\/Actividad-economica-y-hacienda\/Direcciones-y-telefonos\/Pabellon-de-Cristal-de-la-Casa-de-Campo?vgnextfmt=default&#038;vgnextoid=e50fae7cb2e4f010VgnVCM1000000b205a0aRCRD&#038;vgnextchannel=60e7c5dee78fe410VgnVCM1000000b205a0aRCRD\\\" target=\\\"_blank\\\">Pabell\u00f3n de Cristal<\/a>, en el <a href=\\\"https:\/\/www.google.es\/maps\/place\/Pabellon+de+Cristal\/@40.4146108,-3.7401419,17z\/data=!3m1!5s0xd422806d82099c1:0x46107daebb7de80c!4m8!1m2!2m1!1sAVENIDA++PRINCIPAL,++16++28011++MADRIDAVENIDA++PRINCIPAL,++16++28011++MADRID!3m4!1s0x0:0x44968d8075b5957b!8m2!3d40.4144329!4d-3.7379453?hl=es\\\" target=\\\"_blank\\\">Recinto Ferial de la Casa de Campo de Madrid<\/a>.<\/p>\n<p>Tras el \u00e9xito de la pasada edici\u00f3n en mayo donde hubo m\u00e1s de 2.000 escaneos de Cvs directos entre candidatos y empresas y 1.200 presentaciones espont\u00e1neas de los candidatos a las empresas que participaban es esta ocasi\u00f3n, los visitantes podr\u00e1n tener un contacto directo con las m\u00e1s de 200 compa\u00f1\u00edas para presentar su perfil profesional y presentar su candidatura digitalmente.<\/p>\n<p>Adem\u00e1s los candidatos podr\u00e1n obtener su historial laboral en formato de v\u00eddeo de manera gratuita, conocer las app de recolocaci\u00f3n m\u00e1s innovadoras del mercado (algunas como Worktoday App con r\u00e9cord de aunar oferta y demanda laboral en tan solo 4 minutos!), tener acceso a m\u00e1s de 1.800 pr\u00e1cticas internacionales de primer nivel por medio de AIESEC o 200 nacionales de la mano de Orange y Vodafone o conocer las ofertas formativas m\u00e1s pioneras para no quedarse atr\u00e1s en la digitalizaci\u00f3n que se est\u00e1 llevando a cabo en el mundo empresarial.<\/p>\n<p>LinkedIn, Deloitte, SEPE, Cegos, ICEMD (ESIC), Direct Seguros, Infoempleo, Ticjob, Gobierno de la Rioja, Vodafone, Kiabi, Manpower, Page Group, Leroy Merlin, Cice, Easy Recrue\u2026 son algunas de las empresas participantes en este foro de empleo, que en esta edici\u00f3n, alberga adem\u00e1s el <strong>II Congreso de Inteligencia Artificial<\/strong>, llamado Artificial Expo.<\/p>\n<p>El primer d\u00eda, <strong>15 de noviembre<\/strong>, ser\u00e1 una <strong>jornada profesional B2B<\/strong> en la que las empresas pondr\u00e1n de manifiesto los avances que est\u00e1n teniendo en el proceso de digitalizaci\u00f3n y c\u00f3mo afecta en el empleo. Tambi\u00e9n podr\u00e1n conocer las \u00faltimas herramientas y servicios para conectar con el talento y con los perfiles m\u00e1s digitales, denominados \u201cnativos digitales\u201d, as\u00ed como hacer networking entre ellas en una zona exclusiva denominada Digital Garden, con todo tipo de actividades, en el que estar\u00e1n presente los mejores profesionales impartiendo ponencias y compartiendo lo \u00faltimo en cuanto a transformaci\u00f3n digital en los departamentos RRHH y Marketing. \u00a0<\/p>\n<p>El 16 de noviembre est\u00e1 reservado para todos aquellos candidatos que quieran informarse, motivarse, formarse y estar al d\u00eda de lo que las empresas buscan en los nuevos perfiles digitales.<\/p>\n<p>A lo largo de estos dos d\u00edas y en los 4.100m2 de Feria, los asistentes podr\u00e1n participar en distintas actividades para fomentar la interacci\u00f3n: Punto de Netcoaching para encuentro profesional; <strong>zona Hub Startup<\/strong> con organizaciones tan relevantes en este \u00e1mbito como Start-up Ol\u00e9, Bisite Accelerator, Start_UC3M o Ayuntamiento de Madrid a trav\u00e9s de la <strong>Direcci\u00f3n General de Comercio y Emprendimiento,<\/strong> a la que acudir\u00e1n de la mano de diferentes start-up espa\u00f1olas e internacionales con las ideas m\u00e1s innovadoras; \u00a0Hub Digital Talent para actualizar al Talento; Digital Garden una zona dedicada \u00fanicamente a los encargados de Reclutamiento y RRHH, formaci\u00f3n presencial de las \u00faltimas carreras y competencias que las empresas est\u00e1n buscando; Speed Interview para los perfiles TIC y otros. Con todo ello podr\u00e1n estar m\u00e1s informados de lo que las empresas buscan hoy en d\u00eda en los candidatos digitales y poder acceder a todas las vacantes que ofrece la Feria a trav\u00e9s de la app.<\/p>\n<p><a href=\\\"http:\/\/www.feriadelempleo.es\\\" target=\\\"_blank\\\">www.feriadelempleo.es<\/a><\/p>\n<p><span style=\\\"text-decoration: underline;\\\"><a href=\\\"https:\/\/twitter.com\/hashtag\/FEED2016?src=hash\\\" target=\\\"_blank\\\">#FEED2016<\/a><\/span><\/p>\n<p>Registro gratuito para candidatos: <a href=\\\"http:\/\/feriadelempleo.es\/candidate-type-selector\/\\\" target=\\\"_blank\\\">http:\/\/feriadelempleo.es\/candidate-type-selector\/<\/a><\/p>\n<p>Galer\u00eda de fotos de FEED: <a href=\\\"http:\/\/feriadelempleo.es\/imagen-y-video\/\\\" target=\\\"_blank\\\">http:\/\/feriadelempleo.es\/imagen-y-video\/<\/a><\/p>\n","protected":false},"excerpt":{"rendered":"<p>La III Feria de Empleo en la Era Digital se celebrar\u00e1 el 15 y 16 de&#8230;<\/p>\n","protected":false},"featured_media":7247,"template":"","meta":{"_acf_changed":false},"categories":[],"noticias":[],"class_list":["post-7246","noticias","type-noticias","status-publish","has-post-thumbnail","hentry"],"acf":[],"_links":{"self":[{"href":"https:\/\/test.madridemprende.anovagroup.es\/fr\/wp-json\/wp\/v2\/noticias\/7246"}],"collection":[{"href":"https:\/\/test.madridemprende.anovagroup.es\/fr\/wp-json\/wp\/v2\/noticias"}],"about":[{"href":"https:\/\/test.madridemprende.anovagroup.es\/fr\/wp-json\/wp\/v2\/types\/noticias"}],"version-history":[{"count":0,"href":"https:\/\/test.madridemprende.anovagroup.es\/fr\/wp-json\/wp\/v2\/noticias\/7246\/revisions"}],"wp:featuredmedia":[{"embeddable":true,"href":"https:\/\/test.madridemprende.anovagroup.es\/fr\/wp-json\/wp\/v2\/media\/7247"}],"wp:attachment":[{"href":"https:\/\/test.madridemprende.anovagroup.es\/fr\/wp-json\/wp\/v2\/media?parent=7246"}],"wp:term":[{"taxonomy":"category","embeddable":true,"href":"https:\/\/test.madridemprende.anovagroup.es\/fr\/wp-json\/wp\/v2\/categories?post=7246"},{"taxonomy":"noticias","embeddable":true,"href":"https:\/\/test.madridemprende.anovagroup.es\/fr\/wp-json\/wp\/v2\/noticias?post=7246"}],"curies":[{"name":"wp","href":"https:\/\/api.w.org\/{rel}","templated":true}]}}