{"id":7250,"date":"2016-10-18T00:00:00","date_gmt":"2016-10-18T00:00:00","guid":{"rendered":"https:\/\/pre.madridemprende.anovagroup.es\/noticias\/jornada-retos-en-la-gestin-de-la-moda\/"},"modified":"2022-06-08T11:24:58","modified_gmt":"2022-06-08T09:24:58","slug":"jornada-retos-en-la-gestin-de-la-moda","status":"publish","type":"noticias","link":"https:\/\/test.madridemprende.anovagroup.es\/fr\/noticias\/jornada-retos-en-la-gestin-de-la-moda\/","title":{"rendered":"Jornada \u00abRetos en la Gesti\u00f3n de la Moda\u00bb"},"content":{"rendered":"<div style=\\\"text-align: justify;\\\"><span lang=\\\"ES\\\" style=\\\"font-family: Calibri, sans-serif; letter-spacing: 0.75pt;\\\">La Jornada, que este a\u00f1o se ha celebrado el 19 de octubre, es una cita anual dirigida de forma espec\u00edfica a los profesionales del <em>retail <\/em>del sector de la moda, pero tambi\u00e9n a todas aquellas personas interesadas en iniciar un nuevo proyecto y emprender en el mundo de la moda. <\/span><\/div>\n<div style=\\\"text-align: justify;\\\"><span lang=\\\"ES\\\" style=\\\"font-family: Calibri, sans-serif; letter-spacing: 0.75pt;\\\">Con este encuentro se pretende propiciar un foro de debate que se celebrar\u00e1 anualmente, en el que <em><span style=\\\"font-family: \\'Calibri\\',\\'sans-serif\\'; mso-ascii-theme-font: minor-latin; mso-hansi-theme-font: minor-latin; mso-bidi-theme-font: minor-latin; font-style: normal; mso-bidi-font-style: italic;\\\">participar\u00e1n tanto empresarios y directivos del sector,\u00a0como analistas y expertos del negocio de la moda<\/span><\/em><em>.<\/em><\/span><\/div>\n<div style=\\\"text-align: justify;\\\"><span lang=\\\"ES\\\" style=\\\"font-family: Calibri, sans-serif; letter-spacing: 0.75pt;\\\">En el foro se han abordado, en diferentes ponencias,\u00a0los asuntos que m\u00e1s afectan al d\u00eda a d\u00eda de las empresas de moda,\u00a0prestando especial atenci\u00f3n, en la edici\u00f3n de este a\u00f1o,\u00a0a materias como el<span class=\\\"apple-converted-space\\\"><em>\u00a0<\/em><\/span><em><span style=\\\"font-family: \\'Calibri\\',\\'sans-serif\\'; mso-ascii-theme-font: minor-latin; mso-hansi-theme-font: minor-latin; mso-bidi-theme-font: minor-latin;\\\">Social Selling para Retail<\/span><\/em>, el\u00a0<em><span style=\\\"font-family: \\'Calibri\\',\\'sans-serif\\'; mso-ascii-theme-font: minor-latin; mso-hansi-theme-font: minor-latin; mso-bidi-theme-font: minor-latin;\\\">Punto de Venta<\/span><\/em>\u00a0y los\u00a0<em><span style=\\\"font-family: \\'Calibri\\',\\'sans-serif\\'; mso-ascii-theme-font: minor-latin; mso-hansi-theme-font: minor-latin; mso-bidi-theme-font: minor-latin;\\\">Medios de Pago<\/span><\/em>.<\/span><\/div>\n<div class=\\\"MsoNormal\\\" style=\\\"text-align: center;\\\" align=\\\"center\\\">\n<hr align=\\\"center\\\" noshade=\\\"noshade\\\" size=\\\"2\\\" width=\\\"100%\\\" \/><\/div>\n<p><strong><span lang=\\\"ES\\\" style=\\\"font-family: Calibri, sans-serif; letter-spacing: 0.75pt;\\\">En esta ocasi\u00f3n el encuentro se ha celebrado en el Auditorio Caja de M\u00fasica de Centro Centro cedido por el Ayuntamiento de Madrid.<\/span><\/strong><\/p>\n<div class=\\\"MsoNormal\\\" style=\\\"text-align: center;\\\" align=\\\"center\\\">\n<hr align=\\\"center\\\" noshade=\\\"noshade\\\" size=\\\"2\\\" width=\\\"100%\\\" \/><\/div>\n<p class=\\\"MsoNormal\\\" style=\\\"text-align: justify; line-height: 15.75pt; background: white;\\\"><a href=\\\"https:\/\/static1.squarespace.com\/static\/53cce01fe4b0bcaba3c8f221\/t\/57fb87e746c3c42b615d7db6\/1476102120906\/Programa+Jornada+2016.pdf\\\" target=\\\"_blank\\\"><strong><span lang=\\\"ES\\\" style=\\\"font-family: Calibri, sans-serif;\\\"><span style=\\\"color: #333333;\\\">VER PROGRAMA<\/span><\/span><\/strong><\/a><span lang=\\\"ES\\\" style=\\\"font-family: Calibri, sans-serif;\\\"><a href=\\\"https:\/\/static1.squarespace.com\/static\/53cce01fe4b0bcaba3c8f221\/t\/57fb87e746c3c42b615d7db6\/1476102120906\/Programa+Jornada+2016.pdf\\\" target=\\\"_blank\\\">\u00a0 <\/a>\u00a0 \u00a0 \u00a0 | \u00a0 \u00a0 \u00a0 \u00a0\u00a0<strong><a title=\\\"GESTI\u00d3N MODA\\\" href=\\\"http:\/\/www.gestionmoda.com\/\\\" target=\\\"_blank\\\"><span style=\\\"color: #333333;\\\">M\u00c1S INFORMACI\u00d3N<\/span><\/a><\/strong><\/span><\/p>\n<div class=\\\"MsoNormal\\\" style=\\\"text-align: center;\\\" align=\\\"center\\\">\n<hr align=\\\"center\\\" noshade=\\\"noshade\\\" size=\\\"2\\\" width=\\\"100%\\\" \/><\/div>\n<p style=\\\"text-align: justify; background: white; margin: 11.25pt 0cm 11.25pt 0cm;\\\">\u00a0<\/p>\n<p class=\\\"MsoNormal\\\" style=\\\"text-align: center; line-height: 15.75pt; background: white;\\\" align=\\\"center\\\">\u00a0<\/p>\n","protected":false},"excerpt":{"rendered":"<p>La Jornada, que este a\u00f1o se ha celebrado el 19 de octubre, es una cita&#8230;<\/p>\n","protected":false},"featured_media":7251,"template":"","meta":{"_acf_changed":false},"categories":[],"noticias":[],"class_list":["post-7250","noticias","type-noticias","status-publish","has-post-thumbnail","hentry"],"acf":[],"_links":{"self":[{"href":"https:\/\/test.madridemprende.anovagroup.es\/fr\/wp-json\/wp\/v2\/noticias\/7250"}],"collection":[{"href":"https:\/\/test.madridemprende.anovagroup.es\/fr\/wp-json\/wp\/v2\/noticias"}],"about":[{"href":"https:\/\/test.madridemprende.anovagroup.es\/fr\/wp-json\/wp\/v2\/types\/noticias"}],"version-history":[{"count":0,"href":"https:\/\/test.madridemprende.anovagroup.es\/fr\/wp-json\/wp\/v2\/noticias\/7250\/revisions"}],"wp:featuredmedia":[{"embeddable":true,"href":"https:\/\/test.madridemprende.anovagroup.es\/fr\/wp-json\/wp\/v2\/media\/7251"}],"wp:attachment":[{"href":"https:\/\/test.madridemprende.anovagroup.es\/fr\/wp-json\/wp\/v2\/media?parent=7250"}],"wp:term":[{"taxonomy":"category","embeddable":true,"href":"https:\/\/test.madridemprende.anovagroup.es\/fr\/wp-json\/wp\/v2\/categories?post=7250"},{"taxonomy":"noticias","embeddable":true,"href":"https:\/\/test.madridemprende.anovagroup.es\/fr\/wp-json\/wp\/v2\/noticias?post=7250"}],"curies":[{"name":"wp","href":"https:\/\/api.w.org\/{rel}","templated":true}]}}