{"id":7252,"date":"2016-10-19T00:00:00","date_gmt":"2016-10-19T00:00:00","guid":{"rendered":"https:\/\/pre.madridemprende.anovagroup.es\/noticias\/abierta-la-ii-convocatoria-de-la-aceleradora-de-startups-impulsa-visin-rtve\/"},"modified":"2022-06-08T11:24:58","modified_gmt":"2022-06-08T09:24:58","slug":"abierta-la-ii-convocatoria-de-la-aceleradora-de-startups-impulsa-visin-rtve","status":"publish","type":"noticias","link":"https:\/\/test.madridemprende.anovagroup.es\/fr\/noticias\/abierta-la-ii-convocatoria-de-la-aceleradora-de-startups-impulsa-visin-rtve\/","title":{"rendered":"Abierta la II convocatoria de la aceleradora de startups  Impulsa Visi\u00f3n RTVE"},"content":{"rendered":"<p class=\\\"MsoNormal\\\" style=\\\"text-align: justify;\\\"><span lang=\\\"ES-TRAD\\\" style=\\\"mso-bidi-font-size: 12.0pt; font-family: \\'Lato\\',sans-serif; mso-bidi-font-family: Arial;\\\">Ya est\u00e1 abierto el plazo de presentaci\u00f3n de proyectos para participar en la <strong>II Convocatoria de Impulsa Visi\u00f3n RTVE<\/strong>, la iniciativa de la Corporaci\u00f3n p\u00fablica de radio y televisi\u00f3n destinada a apoyar el emprendimiento.\u00a0<\/span><\/p>\n<p class=\\\"MsoNormal\\\" style=\\\"text-align: justify;\\\"><span lang=\\\"ES-TRAD\\\" style=\\\"mso-bidi-font-size: 12.0pt; font-family: \\'Lato\\',sans-serif; mso-bidi-font-family: Arial;\\\">Todos los interesados pueden participar con RTVE en la iniciativa m\u00e1s importante del sector audiovisual para impulsar sus proyectos.<\/span><\/p>\n<p class=\\\"MsoNormal\\\" style=\\\"text-align: justify;\\\"><span lang=\\\"ES-TRAD\\\" style=\\\"mso-bidi-font-size: 12.0pt; font-family: \\'Lato\\',sans-serif; mso-bidi-font-family: Arial;\\\">El programa Impulsa Visi\u00f3n RTVE est\u00e1 dirigido a profesionales <strong>aut\u00f3nomos y micropymes<\/strong> constituidas en el territorio espa\u00f1ol que tengan una antig\u00fcedad de entre seis meses y cinco a\u00f1os.<\/span><\/p>\n<p class=\\\"MsoNormal\\\" style=\\\"text-align: justify;\\\"><span lang=\\\"ES-TRAD\\\" style=\\\"mso-bidi-font-size: 12.0pt; font-family: \\'Lato\\',sans-serif; mso-bidi-font-family: Arial;\\\">RTVE busca cuatro proyectos innovadores dentro del sector audiovisual en los campos tecnol\u00f3gicos, de contenidos y\/o\u00a0 de organizaci\u00f3n empresarial y procesos productivos.<\/span><\/p>\n<p class=\\\"MsoNormal\\\" style=\\\"text-align: justify;\\\"><span lang=\\\"ES-TRAD\\\" style=\\\"mso-bidi-font-size: 12.0pt; font-family: \\'Lato\\',sans-serif; mso-bidi-font-family: Arial;\\\">RTVE dotar\u00e1 a los proyectos seleccionados con hasta treinta mil euros (30.000\u20ac)<\/span><\/p>\n<p class=\\\"MsoNormal\\\" style=\\\"text-align: justify;\\\"><span lang=\\\"ES-TRAD\\\" style=\\\"mso-bidi-font-size: 12.0pt; font-family: \\'Lato\\',sans-serif; mso-bidi-font-family: Arial;\\\">Impulsa Visi\u00f3n RTVE se ha convertido, ya desde su primera convocatoria, en un referente dentro del mundo de la <em>startups<\/em> por su car\u00e1cter \u00fanico dentro del sector audiovisual tanto nacional como europeo.<\/span><\/p>\n<p class=\\\"MsoNormal\\\" style=\\\"text-align: justify;\\\"><span lang=\\\"ES-TRAD\\\" style=\\\"mso-bidi-font-size: 12.0pt; font-family: \\'Lato\\',sans-serif; mso-bidi-font-family: Arial;\\\">Las bases de la II Convocatoria, as\u00ed como toda la informaci\u00f3n para participar en este programa se encuentran en <\/span><span lang=\\\"ES-TRAD\\\" style=\\\"mso-bidi-font-size: 12.0pt; font-family: \\'Lato\\',sans-serif;\\\"><a href=\\\"http:\/\/www.rtve.es\/corporacion\/impulsavision\\\" target=\\\"_blank\\\">www.rtve.es\/corporacion\/impulsavision<\/a><\/span><span lang=\\\"ES-TRAD\\\" style=\\\"mso-bidi-font-size: 12.0pt; font-family: \\'Lato\\',sans-serif; mso-bidi-font-family: Arial;\\\">, el <strong>plazo<\/strong><strong> para presentar las solicitudes se cierra el<\/strong> <strong>12 de diciembre de 2016<\/strong>.<\/span><\/p>\n<p class=\\\"MsoNormal\\\" style=\\\"text-align: justify;\\\"><span style=\\\"font-family: Lato, sans-serif;\\\">Consulta las <a href=\\\"http:\/\/www.rtve.es\/contenidos\/2016\/impulsa-vision\/bases-ii-convocatoria-impulsa-vision-rtve-final.pdf\\\" target=\\\"_blank\\\">bases <\/a>antes de enviar tu proyecto.<br \/>Accede al <a href=\\\"http:\/\/www.rtve.es\/rtve\/20160930\/procedimiento-inscripcion-seleccion\/1235600.shtml\\\" target=\\\"_blank\\\">formulario <\/a>y env\u00eda los datos requeridos.<\/span><\/p>\n","protected":false},"excerpt":{"rendered":"<p>Ya est\u00e1 abierto el plazo de presentaci\u00f3n de proyectos para participar en la&#8230;<\/p>\n","protected":false},"featured_media":7253,"template":"","meta":{"_acf_changed":false},"categories":[],"noticias":[],"class_list":["post-7252","noticias","type-noticias","status-publish","has-post-thumbnail","hentry"],"acf":[],"_links":{"self":[{"href":"https:\/\/test.madridemprende.anovagroup.es\/fr\/wp-json\/wp\/v2\/noticias\/7252"}],"collection":[{"href":"https:\/\/test.madridemprende.anovagroup.es\/fr\/wp-json\/wp\/v2\/noticias"}],"about":[{"href":"https:\/\/test.madridemprende.anovagroup.es\/fr\/wp-json\/wp\/v2\/types\/noticias"}],"version-history":[{"count":0,"href":"https:\/\/test.madridemprende.anovagroup.es\/fr\/wp-json\/wp\/v2\/noticias\/7252\/revisions"}],"wp:featuredmedia":[{"embeddable":true,"href":"https:\/\/test.madridemprende.anovagroup.es\/fr\/wp-json\/wp\/v2\/media\/7253"}],"wp:attachment":[{"href":"https:\/\/test.madridemprende.anovagroup.es\/fr\/wp-json\/wp\/v2\/media?parent=7252"}],"wp:term":[{"taxonomy":"category","embeddable":true,"href":"https:\/\/test.madridemprende.anovagroup.es\/fr\/wp-json\/wp\/v2\/categories?post=7252"},{"taxonomy":"noticias","embeddable":true,"href":"https:\/\/test.madridemprende.anovagroup.es\/fr\/wp-json\/wp\/v2\/noticias?post=7252"}],"curies":[{"name":"wp","href":"https:\/\/api.w.org\/{rel}","templated":true}]}}