{"id":7254,"date":"2016-10-20T00:00:00","date_gmt":"2016-10-20T00:00:00","guid":{"rendered":"https:\/\/pre.madridemprende.anovagroup.es\/noticias\/cocinar-madrid-en-el-mercado-de-argelles\/"},"modified":"2022-06-08T11:24:57","modified_gmt":"2022-06-08T09:24:57","slug":"cocinar-madrid-en-el-mercado-de-argelles","status":"publish","type":"noticias","link":"https:\/\/test.madridemprende.anovagroup.es\/fr\/noticias\/cocinar-madrid-en-el-mercado-de-argelles\/","title":{"rendered":"\u00abCocinar Madrid\u00bb en el Mercado de Arg\u00fcelles."},"content":{"rendered":"<p class=\\\"MsoNormal\\\" style=\\\"text-align: justify;\\\"><em><span lang=\\\"ES\\\" style=\\\"font-size: 11.5pt; font-family: \\'Calibri\\',\\'sans-serif\\'; background: white;\\\">\u201cCocinar Madrid\u201d<\/span><\/em><span lang=\\\"ES\\\" style=\\\"font-size: 11.5pt; font-family: \\'Calibri\\',\\'sans-serif\\'; background: white;\\\"> es un proyecto interdisciplinar de dinamizaci\u00f3n e investigaci\u00f3n\/acci\u00f3n sobre la comida y la alimentaci\u00f3n a trav\u00e9s de talleres que se llevan a cabo en mercados de la ciudad de Madrid, en cuanto lugares en los que es posible adquirir productos frescos y de primera calidad, gozando del trato profesional y personal que brindan sus comerciantes. El objetivo fundamental de la actividad es la difusi\u00f3n de valores de consumo responsable y de h\u00e1bitos de alimentaci\u00f3n saludable.<\/span>\u00a0<\/p>\n<p class=\\\"MsoNormal\\\" style=\\\"text-align: justify;\\\"><span lang=\\\"ES\\\" style=\\\"font-size: 11.5pt; font-family: \\'Calibri\\',\\'sans-serif\\'; background: white;\\\">Los talleres propuestos por la <a href=\\\"http:\/\/www.pandoramirabilia.net\/\\\" target=\\\"_blank\\\">Cooperativa Pandora Mirabilia<\/a> utilizan <em>KOOKMET,<\/em> una cocina m\u00f3vil construida en <em><a href=\\\"http:\/\/medialab-prado.es\/\\\" target=\\\"_blank\\\"><span style=\\\"font-style: normal;\\\">Medialab Prado<\/span><\/a><\/em> en el marco del proyecto de \u201c<em>Objetos Comunes<\/em>\u201d.<\/span><span lang=\\\"ES\\\" style=\\\"font-family: \\'Calibri\\',\\'sans-serif\\';\\\">\u00a0En esta ocasi\u00f3n el <a href=\\\"\/es\/mercados\/mercados-de-madrid\/Mercados\/ficha\/85994fcbbfa3ba4f3bb063adb3339174\/\\\" target=\\\"_blank\\\">Mercado Municipal de Arg\u00fcelles<\/a>\u00a0recibi\u00f3 esta acci\u00f3n ofrecida al p\u00fablico interesado y usuario de las instalaciones.<\/span><span style=\\\"font-family: Calibri, sans-serif;\\\">\u00a0<\/span><\/p>\n<p class=\\\"MsoNormal\\\" style=\\\"text-align: justify;\\\"><span lang=\\\"ES\\\" style=\\\"font-family: \\'Calibri\\',\\'sans-serif\\';\\\">Pincha <a href=\\\"\/images\/public\/source\/MERCADOS\/dossier_cocinarmadrid.pdf\\\" target=\\\"_blank\\\">aqu\u00ed <\/a>para conocer m\u00e1s sobre esta actividad.<\/span><span style=\\\"font-family: Calibri, sans-serif;\\\">\u00a0<br \/>Conoce las <a href=\\\"\/images\/public\/source\/MERCADOS\/COCINAR MADRID\/PUBLI Cocinar MAD_6.pdf\\\" target=\\\"_blank\\\">recetas<\/a>\u00a0que se cocinaron en el Mercado de Arg\u00fcelles.<\/span><\/p>\n<p class=\\\"MsoNormal\\\" style=\\\"text-align: justify;\\\">\u00a0<\/p>\n","protected":false},"excerpt":{"rendered":"<p>\u201cCocinar Madrid\u201d es un proyecto interdisciplinar de dinamizaci\u00f3n e&#8230;<\/p>\n","protected":false},"featured_media":7255,"template":"","meta":{"_acf_changed":false},"categories":[],"noticias":[],"class_list":["post-7254","noticias","type-noticias","status-publish","has-post-thumbnail","hentry"],"acf":[],"_links":{"self":[{"href":"https:\/\/test.madridemprende.anovagroup.es\/fr\/wp-json\/wp\/v2\/noticias\/7254"}],"collection":[{"href":"https:\/\/test.madridemprende.anovagroup.es\/fr\/wp-json\/wp\/v2\/noticias"}],"about":[{"href":"https:\/\/test.madridemprende.anovagroup.es\/fr\/wp-json\/wp\/v2\/types\/noticias"}],"version-history":[{"count":0,"href":"https:\/\/test.madridemprende.anovagroup.es\/fr\/wp-json\/wp\/v2\/noticias\/7254\/revisions"}],"wp:featuredmedia":[{"embeddable":true,"href":"https:\/\/test.madridemprende.anovagroup.es\/fr\/wp-json\/wp\/v2\/media\/7255"}],"wp:attachment":[{"href":"https:\/\/test.madridemprende.anovagroup.es\/fr\/wp-json\/wp\/v2\/media?parent=7254"}],"wp:term":[{"taxonomy":"category","embeddable":true,"href":"https:\/\/test.madridemprende.anovagroup.es\/fr\/wp-json\/wp\/v2\/categories?post=7254"},{"taxonomy":"noticias","embeddable":true,"href":"https:\/\/test.madridemprende.anovagroup.es\/fr\/wp-json\/wp\/v2\/noticias?post=7254"}],"curies":[{"name":"wp","href":"https:\/\/api.w.org\/{rel}","templated":true}]}}