{"id":7260,"date":"2016-11-10T00:00:00","date_gmt":"2016-11-10T00:00:00","guid":{"rendered":"https:\/\/pre.madridemprende.anovagroup.es\/noticias\/el-mercado-de-la-cebada-abrir-sus-puertas-el-primer-domingo-de-cada-mes\/"},"modified":"2022-06-08T11:24:57","modified_gmt":"2022-06-08T09:24:57","slug":"el-mercado-de-la-cebada-abrir-sus-puertas-el-primer-domingo-de-cada-mes","status":"publish","type":"noticias","link":"https:\/\/test.madridemprende.anovagroup.es\/fr\/noticias\/el-mercado-de-la-cebada-abrir-sus-puertas-el-primer-domingo-de-cada-mes\/","title":{"rendered":"El mercado de La Cebada abrir\u00e1 sus puertas el primer domingo de cada mes"},"content":{"rendered":"<div style=\\\"text-align: justify;\\\">El mercado de La Cebada ubicado en pleno centro de la capital y uno de los m\u00e1s grandes de nuestra ciudad, ampl\u00eda su horario de apertura al p\u00fablico a l<strong>os primeros domingos de cada mes<\/strong> para que todo el que quiera acercarse tenga la oportunidad de disfrutar de degustaciones elaboradas con los productos de calidad que se venden en los propios puestos del mercado, <strong>desde las 11 de la ma\u00f1ana hasta las 17 de la tarde.<\/strong><\/div>\n<div style=\\\"text-align: justify;\\\">Hasta ahora el p\u00fablico madrile\u00f1o s\u00f3lo pod\u00eda disfrutar de esta experiencia los s\u00e1bados.<\/div>\n<div style=\\\"text-align: justify;\\\">Con esta iniciativa, el mercado de la Cebada afianza su car\u00e1cter de referente y punto de reuni\u00f3n de la zona de la Plaza de la Cebada, sum\u00e1ndose a la numerosa oferta de establecimientos de hosteler\u00eda.<\/div>\n<div style=\\\"text-align: justify;\\\">http:\/\/www.mercadodelacebada.com\/<\/p>\n<\/div>\n<div style=\\\"text-align: justify;\\\">\u00a0<\/div>\n","protected":false},"excerpt":{"rendered":"<p>El mercado de La Cebada ubicado en pleno centro de la capital y uno de los&#8230;<\/p>\n","protected":false},"featured_media":7261,"template":"","meta":{"_acf_changed":false},"categories":[],"noticias":[],"class_list":["post-7260","noticias","type-noticias","status-publish","has-post-thumbnail","hentry"],"acf":[],"_links":{"self":[{"href":"https:\/\/test.madridemprende.anovagroup.es\/fr\/wp-json\/wp\/v2\/noticias\/7260"}],"collection":[{"href":"https:\/\/test.madridemprende.anovagroup.es\/fr\/wp-json\/wp\/v2\/noticias"}],"about":[{"href":"https:\/\/test.madridemprende.anovagroup.es\/fr\/wp-json\/wp\/v2\/types\/noticias"}],"version-history":[{"count":0,"href":"https:\/\/test.madridemprende.anovagroup.es\/fr\/wp-json\/wp\/v2\/noticias\/7260\/revisions"}],"wp:featuredmedia":[{"embeddable":true,"href":"https:\/\/test.madridemprende.anovagroup.es\/fr\/wp-json\/wp\/v2\/media\/7261"}],"wp:attachment":[{"href":"https:\/\/test.madridemprende.anovagroup.es\/fr\/wp-json\/wp\/v2\/media?parent=7260"}],"wp:term":[{"taxonomy":"category","embeddable":true,"href":"https:\/\/test.madridemprende.anovagroup.es\/fr\/wp-json\/wp\/v2\/categories?post=7260"},{"taxonomy":"noticias","embeddable":true,"href":"https:\/\/test.madridemprende.anovagroup.es\/fr\/wp-json\/wp\/v2\/noticias?post=7260"}],"curies":[{"name":"wp","href":"https:\/\/api.w.org\/{rel}","templated":true}]}}