{"id":7264,"date":"2016-11-14T00:00:00","date_gmt":"2016-11-14T00:00:00","guid":{"rendered":"https:\/\/pre.madridemprende.anovagroup.es\/noticias\/la-red-de-viveros-en-datos\/"},"modified":"2022-06-08T11:24:56","modified_gmt":"2022-06-08T09:24:56","slug":"la-red-de-viveros-en-datos","status":"publish","type":"noticias","link":"https:\/\/test.madridemprende.anovagroup.es\/fr\/noticias\/la-red-de-viveros-en-datos\/","title":{"rendered":"La Red de Viveros en datos"},"content":{"rendered":"<p class=\\\"MsoNormal\\\" style=\\\"text-align: justify;\\\"><span style=\\\"font-family: verdana, geneva;\\\"><span style=\\\"font-size: 10pt; background: white;\\\">En el a\u00f1o 2015, fueron 129 las empresas que estuvieron alojadas en la <a href=\\\"\/es\/emprendedores\/espacios-para-emprendedores\/que-son\\\">Red de Viveros de Empresa del Ayuntamiento de Madrid<\/a>, que dieron empleo a 709 trabajadores. Estas empresas facturaron m\u00e1s de 21 millones de euros, un 16% m\u00e1s que el a\u00f1o anterior, y cifra r\u00e9cord desde la creaci\u00f3n de la Red en 2007.<\/span>\u00a0<\/span><\/p>\n<p class=\\\"MsoNormal\\\" style=\\\"text-align: justify;\\\"><span style=\\\"font-size: 10.0pt; font-family: \\'Verdana\\',sans-serif; mso-bidi-font-family: Arial; background: white;\\\">La tasa de supervivencia durante el pasado ejercicio (98,45%) indica que los medios que el Ayuntamiento de Madrid pone a disposici\u00f3n de estas startups es fundamental para su crecimiento, estabilidad y consolidaci\u00f3n en un mercado empresarial cada d\u00eda m\u00e1s competitivo.<\/span><\/p>\n<p class=\\\"MsoNormal\\\" style=\\\"text-align: justify;\\\"><span style=\\\"font-size: 10.0pt; font-family: \\'Verdana\\',sans-serif; mso-bidi-font-family: Arial; background: white;\\\">As\u00ed, los emprendedores de las empresas alojadas valoran positivamente no s\u00f3lo el alojamiento en un despacho totalmente acondicionado, sino el asesoramiento, el tutelaje, la mentorizaci\u00f3n y el seguimiento de sus proyectos, la formaci\u00f3n y sobre todo, encontrarse dentro del mejor ecosistema emprendedor que existe en nuestra ciudad.<\/span><\/p>\n<p class=\\\"MsoNormal\\\" style=\\\"text-align: justify;\\\"><span style=\\\"font-size: 10.0pt; font-family: \\'Verdana\\',sans-serif; mso-bidi-font-family: Arial; background: white;\\\">El perfil de emprendedor que se encuentra incubado en nuestra Red de Viveros es un emprendedor var\u00f3n (71%), de nacionalidad espa\u00f1ola (94%), con edad comprendida entre los 30 y 45 a\u00f1os (72%), con estudios universitarios (83%), que constituyen una empresa de reducido tama\u00f1o o como empresario individual.<\/span><\/p>\n<p class=\\\"MsoNormal\\\" style=\\\"text-align: justify;\\\"><span style=\\\"font-size: 10.0pt; font-family: \\'Verdana\\',sans-serif; mso-bidi-font-family: Arial;\\\"> Por sectores empresariales, el mayor porcentaje de las empresas se dedicaron principalmente a <span style=\\\"background: white;\\\">los servicios relacionados con las\u00a0 tecnolog\u00edas de la informaci\u00f3n (18,6%), la ingenier\u00eda y la arquitectura (15,5%), el marketing y la publicidad (7,75%), las actividades de producci\u00f3n y\/o distribuci\u00f3n de medios audiovisuales (7,75%), y las actividades relacionadas con la consultor\u00eda de gesti\u00f3n empresarial (6,98%).\u00a0<\/span><\/span><\/p>\n<p class=\\\"MsoNormal\\\" style=\\\"text-align: justify;\\\"><span style=\\\"font-size: 10.0pt; font-family: \\'Arial\\',sans-serif;\\\"> <strong><span style=\\\"text-decoration: underline;\\\"><span style=\\\"background: white;\\\">Servicios complementarios<\/span><\/span><\/strong><\/span><\/p>\n<p class=\\\"MsoNormal\\\" style=\\\"text-align: justify;\\\"><span style=\\\"font-size: 10.0pt; font-family: \\'Verdana\\',sans-serif; mso-bidi-font-family: Arial; background: white;\\\">Junto al entorno de trabajo en los despachos, los Viveros ofrecen a las\u00a0startups alojadas una serie de servicios de apoyo que, en su mayor parte, est\u00e1n disponibles para los emprendedores madrile\u00f1os.<\/span><\/p>\n<p class=\\\"MsoNormal\\\" style=\\\"text-align: justify;\\\"><span style=\\\"font-size: 10.0pt; font-family: \\'Verdana\\',sans-serif; mso-bidi-font-family: Arial;\\\"> <span style=\\\"background: white;\\\">En 2015 los t\u00e9cnicos de los centros asesoraron a 4.575 proyectos, tutelaron 310 planes de negocio, dieron de alta a trav\u00e9s de los <a href=\\\"\/es\/emprendedores\/tramitacion\/puntos-atencion-al-emprendedor\\\">PAE<\/a>\u00a0(Puntos de Atenci\u00f3n al Emprendedor) a 313 nuevas empresas, y dieron servicio a 21 empresas en los espacios compartidos de negocio.<\/span><\/span><\/p>\n<p class=\\\"MsoNormal\\\" style=\\\"text-align: justify;\\\"><strong><span style=\\\"text-decoration: underline;\\\"><span style=\\\"font-size: 10.0pt; font-family: \\'Arial\\',sans-serif; background: white;\\\">Networking y acciones de formaci\u00f3n<\/span><\/span><\/strong>\u00a0<\/p>\n<p class=\\\"MsoNormal\\\" style=\\\"text-align: justify;\\\"><span style=\\\"font-size: 10.0pt; font-family: \\'Arial\\',sans-serif; background: white;\\\"><span style=\\\"font-family: Verdana, sans-serif; font-size: 10pt;\\\">La realizaci\u00f3n de <a href=\\\"\/es\/emprendedores\/in-formacion-y-networking\\\">acciones formativas o las actividades de networking<\/a>\u00a0son otras de las actuaciones m\u00e1s valoradas y solicitadas que se desarrollan en los viveros de empresas.<\/span><\/span><\/p>\n<p class=\\\"MsoNormal\\\" style=\\\"text-align: justify; mso-layout-grid-align: none; text-autospace: none;\\\"><span style=\\\"font-size: 10.0pt; font-family: \\'Verdana\\',sans-serif; mso-bidi-font-family: Arial; background: white;\\\">La necesidad de <\/span><span style=\\\"font-size: 10.0pt; font-family: \\'Verdana\\',sans-serif; mso-bidi-font-family: Arial;\\\">aprender, capacitarse, formarse e informarse continuamente, hace que los ciudadanos madrile\u00f1os se acerquen a estos centros empresariales para asistir a diferentes acciones formativas (seminarios, talleres, jornadas cursos etc.) especializados en emprendimiento y otros temas relacionados. Crear sinergias empresariales, ser visible dentro del mercado, generar contactos, son temas que los emprendedores demandan en las diferentes actividades de networking, que se realizan en esta Red de Viveros.<\/span><\/p>\n<p class=\\\"MsoNormal\\\" style=\\\"text-align: justify; mso-layout-grid-align: none; text-autospace: none;\\\"><span style=\\\"font-size: 10.0pt; font-family: \\'Verdana\\',sans-serif; mso-bidi-font-family: Arial;\\\">Con objeto de potenciar su dinamismo y atractivo, la Direcci\u00f3n General de Comercio y Emprendimiento del Ayuntamiento de Madrid desarrolla en la Red de Viveros de Empresas una serie <a href=\\\"\/es\/agenda\\\">actividades y eventos<\/a>\u00a0de inter\u00e9s para los emprendedores, que tienen cada a\u00f1o mayor aceptaci\u00f3n.<\/span><\/p>\n<p class=\\\"MsoNormal\\\" style=\\\"text-align: justify;\\\"><span style=\\\"font-size: 10.0pt; font-family: \\'Verdana\\',sans-serif; mso-bidi-font-family: Arial;\\\"> En el a\u00f1o 2015 <span style=\\\"background: white;\\\">se organizaron 148 actuaciones formativas a las que acudieron 3.281 asistentes.<\/span><\/span><\/p>\n<p><span style=\\\"font-family: verdana, geneva;\\\">Desc\u00e1rgate aqu\u00ed el\u00a0<a title=\\\"Balance de la Red de Viveros 2015\\\" href=\\\"\/images\/public\/source\/Memorias y Balances\/Balance de la Red de Viveros 2015.pdf\\\" target=\\\"_blank\\\">Balance de la Red de Viveros 2015<\/a><a title=\\\"Balance Red de Viveros 2015\\\" href=\\\"\/images\/public\/source\/Memorias%20y%20Balances\/Balance%20de%20la%20Red%20de%20Viveros%202015.pdf\\\"><br \/><\/a><\/span><\/p>\n","protected":false},"excerpt":{"rendered":"<p>En el a\u00f1o 2015, fueron 129 las empresas que estuvieron alojadas en la Red&#8230;<\/p>\n","protected":false},"featured_media":7265,"template":"","meta":{"_acf_changed":false},"categories":[],"noticias":[],"class_list":["post-7264","noticias","type-noticias","status-publish","has-post-thumbnail","hentry"],"acf":[],"_links":{"self":[{"href":"https:\/\/test.madridemprende.anovagroup.es\/fr\/wp-json\/wp\/v2\/noticias\/7264"}],"collection":[{"href":"https:\/\/test.madridemprende.anovagroup.es\/fr\/wp-json\/wp\/v2\/noticias"}],"about":[{"href":"https:\/\/test.madridemprende.anovagroup.es\/fr\/wp-json\/wp\/v2\/types\/noticias"}],"version-history":[{"count":0,"href":"https:\/\/test.madridemprende.anovagroup.es\/fr\/wp-json\/wp\/v2\/noticias\/7264\/revisions"}],"wp:featuredmedia":[{"embeddable":true,"href":"https:\/\/test.madridemprende.anovagroup.es\/fr\/wp-json\/wp\/v2\/media\/7265"}],"wp:attachment":[{"href":"https:\/\/test.madridemprende.anovagroup.es\/fr\/wp-json\/wp\/v2\/media?parent=7264"}],"wp:term":[{"taxonomy":"category","embeddable":true,"href":"https:\/\/test.madridemprende.anovagroup.es\/fr\/wp-json\/wp\/v2\/categories?post=7264"},{"taxonomy":"noticias","embeddable":true,"href":"https:\/\/test.madridemprende.anovagroup.es\/fr\/wp-json\/wp\/v2\/noticias?post=7264"}],"curies":[{"name":"wp","href":"https:\/\/api.w.org\/{rel}","templated":true}]}}