{"id":7266,"date":"2016-11-16T00:00:00","date_gmt":"2016-11-16T00:00:00","guid":{"rendered":"https:\/\/pre.madridemprende.anovagroup.es\/noticias\/fbrica-de-ideas-visita-el-vivero-de-carabanchel\/"},"modified":"2022-06-08T11:24:56","modified_gmt":"2022-06-08T09:24:56","slug":"fbrica-de-ideas-visita-el-vivero-de-carabanchel","status":"publish","type":"noticias","link":"https:\/\/test.madridemprende.anovagroup.es\/fr\/noticias\/fbrica-de-ideas-visita-el-vivero-de-carabanchel\/","title":{"rendered":"F\u00e1brica de ideas visita el Vivero de Carabanchel"},"content":{"rendered":"<p class=\\\"Default\\\"><span style=\\\"font-size: 10pt; font-family: verdana, geneva; color: windowtext;\\\"><br \/>F\u00e1brica de ideas es un programa de <a href=\\\"http:\/\/www.rtve.es\/television\/fabricadeideasdetve\/\\\" target=\\\"_blank\\\">TVE<\/a>\u00a0que sirve como plataforma para los empresarios e inventores espa\u00f1oles con talento y esp\u00edritu emprendedor.<\/span><\/p>\n<p class=\\\"Default\\\"><span style=\\\"font-size: 10.0pt; font-family: \\'Verdana\\',sans-serif; color: windowtext;\\\"><span style=\\\"font-family: verdana, geneva;\\\">El <a href=\\\"\/es\/emprendedores\/espacios-para-emprendedores\/viveros-de-empresas\/Viveros\/ficha\/4728d57df9ddd693aebc6893018681e3\/\\\">Vivero de Empresas de Carabanchel <\/a>abri\u00f3 sus puertas para breves reportajes sobre los servicios y espacios que ofrece este centro y de algunas empresas que ocupan el vivero, \u201c<a href=\\\"http:\/\/www.dokify.net\\\" target=\\\"_blank\\\">Dokify<\/a>\u201d con sus soluciones para gestionar la cadena de suministro (proveedores, contratas y sub contratas), \u201c<a href=\\\"http:\/\/www.idearquitectura.com\\\" target=\\\"_blank\\\">Idearquitectura<\/a>\u201d empresa que se desenvuelve en el \u00e1mbito de la arquitectura l\u00f3gica, y \u201c<a href=\\\"http:\/\/www.eurob.com\\\" target=\\\"_blank\\\">Eurob Creative<\/a>\u201d orientada a la provisi\u00f3n de tecnolog\u00edas a trav\u00e9s del ecosistema m\u00f3vil, fueron entrevistadas para la 8\u00aa temporada de emisi\u00f3n en la 2.\u00a0<\/span><\/p>\n<p><span style=\\\"font-family: verdana, geneva;\\\">Te invitamos a ver el video<\/span><br \/><\/span><\/p>\n<div style=\\\"width: 100%; padding-top: 64%; position: relative; border-bottom: 1px solid #aaa; display: inline-block; background: rgba(255,255,255,0.9);\\\"><iframe style=\\\"width: 100%; height: 90%; position: absolute; left: 0; top: 0; overflow: hidden;\\\" src=\\\"http:\/\/www.rtve.es\/drmn\/embed\/video\/3800118\\\" name=\\\"Incuba: Vivero de Empresas de Carabanchel\\\" frameborder=\\\"0\\\" scrolling=\\\"no\\\"><\/iframe><\/p>\n<div style=\\\"position: absolute; bottom: 0; left: 0; font-family: arial,helvetica,sans-serif; font-size: 12px; line-height: 1.833; display: inline-block; padding: 5px 0 5px 10px;\\\"><span style=\\\"float: left; margin-right: 10px;\\\"><img style=\\\"height: 20px; width: auto; background: transparent; padding: 0; margin: 0;\\\" src=\\\"http:\/\/img.irtve.es\/css\/rtve.commons\/rtve.header.footer\/i\/logoRTVEes.png\\\" alt=\\\"\\\" \/><\/span> <a style=\\\"color: #333; font-weight: bold;\\\" title=\\\"Incuba: Vivero de Empresas de Carabanchel\\\" href=\\\"http:\/\/www.rtve.es\/alacarta\/videos\/fabrica-de-ideas\/fdi-incuba-viverocarabanchel\/3800118\/\\\"><strong>Incuba: Vivero de Empresas de Carabanchel<\/strong><\/a><\/div>\n<\/div>\n<p class=\\\"Default\\\"><span style=\\\"font-size: 10.0pt; font-family: \\'Verdana\\',sans-serif; color: windowtext;\\\">\u00a0<\/span><\/p>\n","protected":false},"excerpt":{"rendered":"<p>F\u00e1brica de ideas es un programa de TVE\u00a0que sirve como plataforma para los&#8230;<\/p>\n","protected":false},"featured_media":7267,"template":"","meta":{"_acf_changed":false},"categories":[],"noticias":[],"class_list":["post-7266","noticias","type-noticias","status-publish","has-post-thumbnail","hentry"],"acf":[],"_links":{"self":[{"href":"https:\/\/test.madridemprende.anovagroup.es\/fr\/wp-json\/wp\/v2\/noticias\/7266"}],"collection":[{"href":"https:\/\/test.madridemprende.anovagroup.es\/fr\/wp-json\/wp\/v2\/noticias"}],"about":[{"href":"https:\/\/test.madridemprende.anovagroup.es\/fr\/wp-json\/wp\/v2\/types\/noticias"}],"version-history":[{"count":0,"href":"https:\/\/test.madridemprende.anovagroup.es\/fr\/wp-json\/wp\/v2\/noticias\/7266\/revisions"}],"wp:featuredmedia":[{"embeddable":true,"href":"https:\/\/test.madridemprende.anovagroup.es\/fr\/wp-json\/wp\/v2\/media\/7267"}],"wp:attachment":[{"href":"https:\/\/test.madridemprende.anovagroup.es\/fr\/wp-json\/wp\/v2\/media?parent=7266"}],"wp:term":[{"taxonomy":"category","embeddable":true,"href":"https:\/\/test.madridemprende.anovagroup.es\/fr\/wp-json\/wp\/v2\/categories?post=7266"},{"taxonomy":"noticias","embeddable":true,"href":"https:\/\/test.madridemprende.anovagroup.es\/fr\/wp-json\/wp\/v2\/noticias?post=7266"}],"curies":[{"name":"wp","href":"https:\/\/api.w.org\/{rel}","templated":true}]}}