{"id":7276,"date":"2016-11-21T00:00:00","date_gmt":"2016-11-21T00:00:00","guid":{"rendered":"https:\/\/pre.madridemprende.anovagroup.es\/noticias\/moda-y-mtodo-el-evento-anual-de-vivero-de-vallecas\/"},"modified":"2022-06-08T11:24:55","modified_gmt":"2022-06-08T09:24:55","slug":"moda-y-mtodo-el-evento-anual-de-vivero-de-vallecas","status":"publish","type":"noticias","link":"https:\/\/test.madridemprende.anovagroup.es\/fr\/noticias\/moda-y-mtodo-el-evento-anual-de-vivero-de-vallecas\/","title":{"rendered":"Moda Y M\u00e9todo. El evento anual de Vivero de Vallecas"},"content":{"rendered":"<p>El pasado 16 de noviembre se celebr\u00f3 el evento anual \u201cModa y m\u00e9todo\u201d en el <a href=\\\"\/es\/emprendedores\/espacios-para-emprendedores\/viveros-de-empresas\/Viveros\/ficha\/bd88c882e9b597a6d95b6b67fe83cc62\\\">Vivero de Vallecas<\/a>, donde se exhibieron m\u00e9todos y t\u00e9cnicas alternativas de diversas partes del mundo, que tienen como objetivo com\u00fan la innovaci\u00f3n en la moda. Este continuo proceso de renovaci\u00f3n viene dado por la necesidad de cambio de esta industria, tanto a nivel empresarial como formativo, cuya aplicaci\u00f3n les permite ser m\u00e1s competitivas.<\/p>\n<p>El objetivo fundamental de la jornada se bas\u00f3 en ampliar la visi\u00f3n de las herramientas de creaci\u00f3n y realizaci\u00f3n de colecciones de moda, mediante la implantaci\u00f3n de m\u00e9todos y t\u00e9cnicas actualizadas.<\/p>\n<p>La argentina <a href=\\\"http:\/\/giselafortuna.weebly.com\/\\\">Gisela Fortuna<\/a> fue la encargada en abrir la fase de \u201cmini master classes\u201d y lo hizo hablando de c\u00f3mo mediante un buen m\u00e9todo, se puede suplir la inspiraci\u00f3n. Existen una serie de pasos predefinidos, seg\u00fan su m\u00e9todo, que permiten confeccionar una colecci\u00f3n extensa de cientos de prendas, partiendo siempre de un conjunto base declinable.<\/p>\n<p>Celeste Sanches nos habl\u00f3 del posicionamiento de la marca, el cual determina el canal cu\u00e1l debe ser el canal de comunicaci\u00f3n entre empresa y usuario. Para definir este posicionamiento hay que tomar en consideraci\u00f3n variables como son los recursos financieros, tecnol\u00f3gicos\u2026 pero tambi\u00e9n los deseos, el lifestyle, una cultura con sus c\u00f3digos del lenguaje propios.<\/p>\n<p>En relaci\u00f3n a esto Celeste destaca el hecho de que el motivo fundamental por el que el usuario deja de utilizar las prendas es por su p\u00e9rdida de simbolismo.<\/p>\n<p><a href=\\\"http:\/\/bzarquicostura.com\/?page_id=20\\\">Brezo Alcoceba<\/a> acerc\u00f3 al p\u00fablico asistente sobre la aplicaci\u00f3n de herramientas de dise\u00f1o 3D a la moda, visi\u00f3n que <a href=\\\"http:\/\/www.jsv01.com\/\\\">Jes\u00fas San Vicente<\/a> complet\u00f3 en su exposici\u00f3n sobre la evoluci\u00f3n de la influencia de arquitectos e ingenieros en la moda desde los a\u00f1os 60.<\/p>\n<p>El punto diferenciador lo puso <a href=\\\"https:\/\/twitter.com\/jjvillenag\\\">Juan Jos\u00e9 Villena<\/a> quien, al contrario que sus compa\u00f1eros, nos habl\u00f3 de empresa y emprendimiento.<\/p>\n<p>Villena afirmaba que la empresa que busca sostenibilidad es la que pretende llevar m\u00e1s lejos a la sociedad, actualmente y el futuro.<\/p>\n<p>Hizo incidencia en el hecho de que se ha de emprender y hacer negocios pensando a muy largo plazo. \u201cComo empresario debo pensar no en que yo me enriquezca, sino que los enriquezcamos todos, en el presente y el futuro\u201d.<\/p>\n<p>Se trata de la Econom\u00eda colaborativa, los cuales se basan en la la contribuci\u00f3n de los usuarios.<\/p>\n<p>Para cerrar la fase de ponencias, la polaca <a href=\\\"http:\/\/www.evaiszoro.com\/\\\">Eva Iszoro<\/a>, nos habl\u00f3 del M\u00e9todo accidental y su sistema Accidental Cutting.<\/p>\n<p>\u00a0<\/p>\n<p>A las ponencias les sigui\u00f3 un el desfile \u201cModa y M\u00e9todo\u201d en el que participaron 25 modelos, los cuales desfilaron con prendas realizadas por emprendedores y empresas utilizando los m\u00e9todos y t\u00e9cnicas presentados durante la ma\u00f1ana.<\/p>\n<p>\u00a0<\/p>\n<p><a href=\\\"https:\/\/www.facebook.com\/pg\/MadridEmprende\/photos\/?tab=album&#038;album_id=10154609610997165\\\">Acceder al \u00e1lbum de fotos de \u201cModa y M\u00e9todo\u201d<\/a><\/p>\n<p>\u00a0<\/p>\n","protected":false},"excerpt":{"rendered":"<p>El pasado 16 de noviembre se celebr\u00f3 el evento anual \u201cModa y m\u00e9todo\u201d en el&#8230;<\/p>\n","protected":false},"featured_media":7277,"template":"","meta":{"_acf_changed":false},"categories":[],"noticias":[],"class_list":["post-7276","noticias","type-noticias","status-publish","has-post-thumbnail","hentry"],"acf":[],"_links":{"self":[{"href":"https:\/\/test.madridemprende.anovagroup.es\/fr\/wp-json\/wp\/v2\/noticias\/7276"}],"collection":[{"href":"https:\/\/test.madridemprende.anovagroup.es\/fr\/wp-json\/wp\/v2\/noticias"}],"about":[{"href":"https:\/\/test.madridemprende.anovagroup.es\/fr\/wp-json\/wp\/v2\/types\/noticias"}],"version-history":[{"count":0,"href":"https:\/\/test.madridemprende.anovagroup.es\/fr\/wp-json\/wp\/v2\/noticias\/7276\/revisions"}],"wp:featuredmedia":[{"embeddable":true,"href":"https:\/\/test.madridemprende.anovagroup.es\/fr\/wp-json\/wp\/v2\/media\/7277"}],"wp:attachment":[{"href":"https:\/\/test.madridemprende.anovagroup.es\/fr\/wp-json\/wp\/v2\/media?parent=7276"}],"wp:term":[{"taxonomy":"category","embeddable":true,"href":"https:\/\/test.madridemprende.anovagroup.es\/fr\/wp-json\/wp\/v2\/categories?post=7276"},{"taxonomy":"noticias","embeddable":true,"href":"https:\/\/test.madridemprende.anovagroup.es\/fr\/wp-json\/wp\/v2\/noticias?post=7276"}],"curies":[{"name":"wp","href":"https:\/\/api.w.org\/{rel}","templated":true}]}}