{"id":7280,"date":"2016-11-25T00:00:00","date_gmt":"2016-11-25T00:00:00","guid":{"rendered":"https:\/\/pre.madridemprende.anovagroup.es\/noticias\/trinkhalle-mini-market-vuelve-en-diciembre-al-mercado-de-san-antn\/"},"modified":"2022-06-08T11:24:54","modified_gmt":"2022-06-08T09:24:54","slug":"trinkhalle-mini-market-vuelve-en-diciembre-al-mercado-de-san-antn","status":"publish","type":"noticias","link":"https:\/\/test.madridemprende.anovagroup.es\/fr\/noticias\/trinkhalle-mini-market-vuelve-en-diciembre-al-mercado-de-san-antn\/","title":{"rendered":"Trinkhalle Mini Market vuelve en diciembre al Mercado de San Ant\u00f3n"},"content":{"rendered":"<p><span style=\\\"font-size: 12pt;\\\"><span lang=\\\"ES-TRAD\\\" style=\\\"font-family: \\'Garamond\\',\\'serif\\'; mso-ansi-language: ES-TRAD;\\\">Para su primera edici\u00f3n de navidad contar\u00e1 con algunos de los dise\u00f1adores que ya acudieron a la cita de octubre; <strong>Clap Store<\/strong>, con su Islland Collection, <strong>Castor Sunglasses<\/strong> que a\u00f1ade a sus ya conocidas gafas, <strong>Mog\u00fci Handmade, <\/strong>joyer\u00eda y bolsos de piel hechos a mano<strong> y Hormiga Roja, <\/strong>sudaderas para ni\u00f1os y adultos de pachwork. Asimismo, <strong>Socketines, <\/strong>un cl\u00e1sico ya en nuestro mercado, que estar\u00e1 presente con sus calcetines de hilo de algod\u00f3n ecol\u00f3gico y lana, <strong>LGC joyas <\/strong>nos sorprender\u00e1 con nuevos dise\u00f1os, <strong>Ecke Handmade <\/strong>vuelve a esta edici\u00f3n con sus bolsos de eco-piel bordados a mano. Se estrenan en esta edici\u00f3n <strong>Frito Projects <\/strong>concamisetas pintadas a mano y <\/span><span lang=\\\"ES\\\" style=\\\"font-family: Garamond, serif;\\\">prendas cargados de mucho color y dise\u00f1os originales, <strong>OS\u00d6 design <\/strong>marca de ropa de vestir con detalles personalizado, <strong>Antropomuebles <\/strong>marca de mobiliario que transforma las piezas viejas con color y alegr\u00eda y <strong>Calaveras Catrina, <\/strong>calaveras artesanales \u00fanicas y elemento de decoraci\u00f3n hechas con madera.<\/span><\/span><br \/><span lang=\\\"ES-TRAD\\\" style=\\\"font-family: Garamond, serif; font-size: 12pt;\\\">\u00a0<\/span><br \/><span lang=\\\"ES-TRAD\\\" style=\\\"font-family: Garamond, serif; font-size: 12pt;\\\">Para la edici\u00f3n de enero se unir\u00e1n <strong>We are kids, Jinksieminks, Juanita Banana, Hammels Sunglasses, Lepidea<\/strong> y muchos m\u00e1s\u2026 <\/span><br \/><span lang=\\\"ES-TRAD\\\" style=\\\"font-family: Garamond, serif; font-size: 12pt;\\\">\u00a0<\/span><br \/><span style=\\\"font-size: 12pt;\\\"><span lang=\\\"ES-TRAD\\\" style=\\\"font-family: \\'Garamond\\',\\'serif\\'; mso-ansi-language: ES-TRAD;\\\">La gastronom\u00eda vendr\u00e1 de la mano <strong>Trinkhalle Bar<\/strong>, el \u201cchiringuito\u201d del <strong>Espacio Trap\u00e9zio<\/strong> que contar\u00e1 con una carta de c\u00f3cteles, platos de comida saludable y <\/span><span lang=\\\"ES\\\" style=\\\"font-family: \\'Garamond\\',\\'serif\\'; mso-fareast-font-family: Calibri; mso-bidi-font-family: Helvetica; mso-ansi-language: ES;\\\">postres artesanales. La m\u00fasica estar\u00e1 a cargo de Nacho Larache y H\u00e9ctor Miguez.<\/span><\/span><br \/><span lang=\\\"ES\\\" style=\\\"font-family: Garamond, serif; font-size: 12pt;\\\">\u00a0<\/span><br \/><span lang=\\\"ES\\\" style=\\\"font-family: Garamond, serif; font-size: 12pt;\\\">Para m\u00e1s informaci\u00f3n puedes visitar la p\u00e1gina Web <a href=\\\"http:\/\/trinkhalleminimarket.com\/\\\" target=\\\"_blank\\\">http:\/\/trinkhalleminimarket.com<\/a>\/ o sus RRSS:<\/span><br \/><span lang=\\\"ES\\\" style=\\\"font-family: Garamond, serif; border: none; font-size: 12pt;\\\">\u00a0<\/span><br \/><span style=\\\"font-family: Garamond, serif; border: none; font-size: 12pt;\\\"><span style=\\\"border: none;\\\">Twitter: @trinkhalleminimarket<\/span><\/span><br \/><span style=\\\"font-family: Garamond, serif; border: none; font-size: 12pt;\\\"><span style=\\\"border: none;\\\">Facebook: \/trinkhalleminimarket <\/span><\/span><br \/><span style=\\\"font-family: Garamond, serif; border: none; font-size: 12pt;\\\"><span style=\\\"border: none;\\\">Instagram: @trinkhalleminimarket<\/span><\/span><br \/><span style=\\\"font-size: 12pt;\\\"><strong><span style=\\\"font-family: \\'Garamond\\',\\'serif\\'; mso-fareast-font-family: \\'\uff2d\uff33 \u660e\u671d\\'; mso-fareast-theme-font: minor-fareast; mso-bidi-font-family: Arial; color: #262626; border: none; mso-fareast-language: ES;\\\">\u00a0<\/span><\/strong><\/span><br \/><span style=\\\"font-family: Garamond, serif; font-size: 12pt;\\\">\u00a0<\/span><br \/><span style=\\\"font-family: Garamond, serif; font-size: 12pt;\\\">\u00a0<\/span><br \/><span style=\\\"font-family: Garamond, serif; font-size: 12pt;\\\">\u00a0<\/span><br \/><span lang=\\\"ES-TRAD\\\" style=\\\"font-size: 12pt; font-family: Garamond, serif; color: gray;\\\">\u00a0<\/span><br \/><span style=\\\"font-size: 12pt;\\\"><strong><span lang=\\\"DE\\\" style=\\\"font-family: \\'Garamond\\',\\'serif\\'; mso-ansi-language: DE;\\\">Direcci\u00f3n: <\/span><\/strong><span lang=\\\"ES\\\" style=\\\"font-family: \\'Garamond\\',\\'serif\\'; mso-ansi-language: ES;\\\">C\/ Augusto Figueroa, 24 <\/span><\/span><br \/><span style=\\\"font-size: 12pt;\\\"><strong><span lang=\\\"ES\\\" style=\\\"font-family: \\'Garamond\\',\\'serif\\'; mso-ansi-language: ES;\\\">Segunda Planta del Mercado San Ant\u00f3n<\/span><\/strong><\/span><br \/><span style=\\\"font-size: 12pt;\\\"><strong><span lang=\\\"DE\\\" style=\\\"font-family: \\'Garamond\\',\\'serif\\'; mso-ansi-language: DE;\\\">Tel\u00e9fono:<\/span><\/strong><span lang=\\\"ES\\\" style=\\\"font-family: \\'Garamond\\',\\'serif\\'; mso-ansi-language: ES; mso-bidi-font-weight: bold;\\\">91 330 07 30<\/span><\/span><br \/><span style=\\\"font-size: 12pt;\\\"><strong><span lang=\\\"DE\\\" style=\\\"font-family: \\'Garamond\\',\\'serif\\'; mso-ansi-language: DE;\\\">E-mail: <\/span><\/strong><a href=\\\"mailto:info@mercadosananton.com\\\"><span lang=\\\"ES\\\" style=\\\"font-family: \\'Garamond\\',\\'serif\\'; mso-ansi-language: ES;\\\">info@mercadosananton.com<\/span><\/a><\/span><br \/><span lang=\\\"ES\\\" style=\\\"font-size: 12pt;\\\">\u00a0<\/span><br \/><span lang=\\\"ES\\\" style=\\\"font-size: 12pt;\\\">\u00a0<\/span><br \/><span lang=\\\"ES\\\" style=\\\"font-size: 12pt;\\\">\u00a0<\/span><br \/><span lang=\\\"ES-TRAD\\\" style=\\\"font-family: Garamond, serif; font-size: 12pt;\\\">\u00a0<\/span><br \/><span lang=\\\"ES-TRAD\\\" style=\\\"font-family: Garamond, serif; font-size: 14pt;\\\">\u00a0<\/span><\/p>\n","protected":false},"excerpt":{"rendered":"<p>Para su primera edici\u00f3n de navidad contar\u00e1 con algunos de los dise\u00f1adores&#8230;<\/p>\n","protected":false},"featured_media":7281,"template":"","meta":{"_acf_changed":false},"categories":[],"noticias":[],"class_list":["post-7280","noticias","type-noticias","status-publish","has-post-thumbnail","hentry"],"acf":[],"_links":{"self":[{"href":"https:\/\/test.madridemprende.anovagroup.es\/fr\/wp-json\/wp\/v2\/noticias\/7280"}],"collection":[{"href":"https:\/\/test.madridemprende.anovagroup.es\/fr\/wp-json\/wp\/v2\/noticias"}],"about":[{"href":"https:\/\/test.madridemprende.anovagroup.es\/fr\/wp-json\/wp\/v2\/types\/noticias"}],"version-history":[{"count":0,"href":"https:\/\/test.madridemprende.anovagroup.es\/fr\/wp-json\/wp\/v2\/noticias\/7280\/revisions"}],"wp:featuredmedia":[{"embeddable":true,"href":"https:\/\/test.madridemprende.anovagroup.es\/fr\/wp-json\/wp\/v2\/media\/7281"}],"wp:attachment":[{"href":"https:\/\/test.madridemprende.anovagroup.es\/fr\/wp-json\/wp\/v2\/media?parent=7280"}],"wp:term":[{"taxonomy":"category","embeddable":true,"href":"https:\/\/test.madridemprende.anovagroup.es\/fr\/wp-json\/wp\/v2\/categories?post=7280"},{"taxonomy":"noticias","embeddable":true,"href":"https:\/\/test.madridemprende.anovagroup.es\/fr\/wp-json\/wp\/v2\/noticias?post=7280"}],"curies":[{"name":"wp","href":"https:\/\/api.w.org\/{rel}","templated":true}]}}