{"id":7284,"date":"2016-12-01T00:00:00","date_gmt":"2016-12-01T00:00:00","guid":{"rendered":"https:\/\/pre.madridemprende.anovagroup.es\/noticias\/celebrado-en-el-vivero-de-moratalaz-su-evento-anual-el-diseo-aplicado-al-comercio\/"},"modified":"2022-06-08T11:24:54","modified_gmt":"2022-06-08T09:24:54","slug":"celebrado-en-el-vivero-de-moratalaz-su-evento-anual-el-diseo-aplicado-al-comercio","status":"publish","type":"noticias","link":"https:\/\/test.madridemprende.anovagroup.es\/fr\/noticias\/celebrado-en-el-vivero-de-moratalaz-su-evento-anual-el-diseo-aplicado-al-comercio\/","title":{"rendered":"Celebrado en el Vivero de Moratalaz su evento anual \u201cEl dise\u00f1o aplicado al comercio\u201d"},"content":{"rendered":"<p>El pasado 30 de noviembre el\u00a0<a href=\\\"\/es\/emprendedores\/espacios-para-emprendedores\/viveros-de-empresas\/Viveros\/ficha\/afc8e50f7473e4ebf22f02df3729b5b0\\\">Vivero de Moratalaz<\/a>\u00a0celebr\u00f3 su evento anual en el que, bajo el t\u00edtulo \u201c<a href=\\\"\/es\/agenda\/Agenda\/evento\/el-diseo-aplicado-al-comercio--oportunidad-para-hacer-crecer-el-negocio\/6ee0215bf954fa9a988cce08db0b967c\\\">El dise\u00f1o aplicado al comercio, oportunidad para hacer crecer el negocio<\/a>\u201d, se repas\u00f3 la situaci\u00f3n de los comercios del distrito de Moratalaz y se presentaron diversas soluciones de dise\u00f1o en el comercio.<\/p>\n<p>En el evento participaron ponentes de los distintos sectores: Victor Soto, Presidente de la <a href=\\\"http:\/\/www.asociaciondecomerciantesdemoratalaz.com\/gremios.php\\\">Asociaci\u00f3n de Comerciantes de Moratalaz<\/a>, Miguel Serrano, experto en internacionalizaci\u00f3n de empresas en sector moda,\u00a0<a href=\\\"http:\/\/asecom.org\/\\\">Asecom<\/a>, el CEO de la empresa de moda <a href=\\\"https:\/\/www.nizaonline.com\/es\/\\\">Niza Corporation<\/a>, Jose Kalu, y el coordinador y profesor del Master\u00a0en Dise\u00f1o de Espacios Comerciales de la <a href=\\\"http:\/\/esdmadrid.es\/\\\">Escuela Superior de Dise\u00f1o de Madrid<\/a>, Jos\u00e9 Antonio Och\u00e9.<\/p>\n<p>La Directora del Vivero, M\u00aa Isabel Salvador destac\u00f3 la necesidad que tienen las PYMES de buscar herramientas como el dise\u00f1o para tener oportunidades de crecer. Y es que, como recalc\u00f3 V\u00edctor Soto, \u201cla moda en los comercios ha de estar muy presente, pero esta cambia continuamente, y las PYMES comerciales deben adaptarse y evolucionar al mismo ritmo\u201d.<\/p>\n<p>En la b\u00fasqueda de nuevas formas de impulsar el comercio y el producto, tambi\u00e9n es important\u00edsimo la presentaci\u00f3n de la tienda. Para ello, y para promover la internacionalizaci\u00f3n de pymes y emprendedores de la industria de la moda, fue presentada a los asistentes la herramienta\u00a0<a href=\\\"http:\/\/www.step-out.es\/\\\">STEP-OUT<\/a>, desarrollada por Miguel Serrano e impulsada por Asociaci\u00f3n de Empresas de Confecci\u00f3n y Moda de la Comunidad de Madrid (Asecom). El programa permite a las empresas hacer autoan\u00e1lisis; la presentaci\u00f3n de empresa y la presentaci\u00f3n comercial, a la vez que aporta informaci\u00f3n actualizada sobre internacionalizaci\u00f3n.<\/p>\n<p>Jose Kalu, CEO en Niza Corporation, destac\u00f3 la importancia del dise\u00f1o en los diferentes canales de venta, y c\u00f3mo influyen en los nuevos perfiles de compradores. Es fundamental la creaci\u00f3n de entornos de venta que se fundamenten en el resultado de una toma de decisiones precisa, basada en conocimientos de mercado, comunicaci\u00f3n, dise\u00f1o de interiores, mobiliario, construcci\u00f3n, estrategia y predicci\u00f3n.<\/p>\n<p>Seg\u00fan Jose Antonio Och\u00e9 Argente, coordinador y profesor del Master\u00a0\u00a0en Dise\u00f1o de Espacios Comerciales de la Escuela Superior de Dise\u00f1o de Madrid, lo importante es \u201cpensar en el dise\u00f1o desde el punto de vista del comerciante\u201d y present\u00f3 varias ejemplos y estrategias que pueden ayudar al peque\u00f1o comercio a diferenciarse.<\/p>\n","protected":false},"excerpt":{"rendered":"<p>El pasado 30 de noviembre el\u00a0Vivero de Moratalaz\u00a0celebr\u00f3 su evento anual en&#8230;<\/p>\n","protected":false},"featured_media":7285,"template":"","meta":{"_acf_changed":false},"categories":[],"noticias":[],"class_list":["post-7284","noticias","type-noticias","status-publish","has-post-thumbnail","hentry"],"acf":[],"_links":{"self":[{"href":"https:\/\/test.madridemprende.anovagroup.es\/fr\/wp-json\/wp\/v2\/noticias\/7284"}],"collection":[{"href":"https:\/\/test.madridemprende.anovagroup.es\/fr\/wp-json\/wp\/v2\/noticias"}],"about":[{"href":"https:\/\/test.madridemprende.anovagroup.es\/fr\/wp-json\/wp\/v2\/types\/noticias"}],"version-history":[{"count":0,"href":"https:\/\/test.madridemprende.anovagroup.es\/fr\/wp-json\/wp\/v2\/noticias\/7284\/revisions"}],"wp:featuredmedia":[{"embeddable":true,"href":"https:\/\/test.madridemprende.anovagroup.es\/fr\/wp-json\/wp\/v2\/media\/7285"}],"wp:attachment":[{"href":"https:\/\/test.madridemprende.anovagroup.es\/fr\/wp-json\/wp\/v2\/media?parent=7284"}],"wp:term":[{"taxonomy":"category","embeddable":true,"href":"https:\/\/test.madridemprende.anovagroup.es\/fr\/wp-json\/wp\/v2\/categories?post=7284"},{"taxonomy":"noticias","embeddable":true,"href":"https:\/\/test.madridemprende.anovagroup.es\/fr\/wp-json\/wp\/v2\/noticias?post=7284"}],"curies":[{"name":"wp","href":"https:\/\/api.w.org\/{rel}","templated":true}]}}