{"id":7286,"date":"2016-12-01T00:00:00","date_gmt":"2016-12-01T00:00:00","guid":{"rendered":"https:\/\/pre.madridemprende.anovagroup.es\/noticias\/finalizados-los-cursos-de-in-formacin-2016\/"},"modified":"2022-06-08T11:24:54","modified_gmt":"2022-06-08T09:24:54","slug":"finalizados-los-cursos-de-in-formacin-2016","status":"publish","type":"noticias","link":"https:\/\/test.madridemprende.anovagroup.es\/fr\/noticias\/finalizados-los-cursos-de-in-formacin-2016\/","title":{"rendered":"Finalizados los Cursos de In-formaci\u00f3n 2016"},"content":{"rendered":"<p style=\\\"margin: 0cm 0cm 7.5pt 0cm;\\\"><span style=\\\"font-family: helvetica;\\\"><span lang=\\\"ES-TRAD\\\" style=\\\"font-size: 10.5pt; color: #333333;\\\">El pasado 30 de noviembre finalizaba en el\u00a0<\/span><span lang=\\\"ES-TRAD\\\"><a href=\\\"\/es\/emprendedores\/espacios-para-emprendedores\/viveros-de-empresas\/Viveros\/ficha\/bd88c882e9b597a6d95b6b67fe83cc62\/\\\"><span style=\\\"font-size: 10.5pt; color: #337ab7;\\\">Vivero de Empresas de Puente de Vallecas<\/span><\/a><\/span><span lang=\\\"ES-TRAD\\\" style=\\\"font-size: 10.5pt; color: #333333;\\\">, el segundo ciclo de\u00a0<\/span><span lang=\\\"ES-TRAD\\\"><a href=\\\"\/es\/emprendedores\/in-formacion-y-networking\/cursos-de-in-formacion\\\"><span style=\\\"font-size: 10.5pt; color: #337ab7;\\\">Cursos de In-formaci\u00f3n<\/span><\/a><\/span><span lang=\\\"ES-TRAD\\\" style=\\\"font-size: 10.5pt; color: #333333;\\\">. Conclu\u00eda as\u00ed la edici\u00f3n de 2016 de estos cursos gratuitos que pone en marcha el<span class=\\\"apple-converted-space\\\">\u00a0<\/span><\/span><span lang=\\\"ES-TRAD\\\"><a href=\\\"https:\/\/html-cleaner.com\/madrid.org\\\"><span style=\\\"font-size: 10.5pt; color: #337ab7;\\\">Ayuntamiento de Madrid<\/span><\/a><\/span><span class=\\\"apple-converted-space\\\"><span lang=\\\"ES-TRAD\\\" style=\\\"font-size: 10.5pt; color: #333333;\\\">\u00a0<\/span><\/span><span lang=\\\"ES-TRAD\\\" style=\\\"font-size: 10.5pt; color: #333333;\\\">a trav\u00e9s de la<span class=\\\"apple-converted-space\\\">\u00a0<\/span><\/span><span lang=\\\"ES-TRAD\\\"><a href=\\\"\/\\\"><span style=\\\"font-size: 10.5pt; color: #337ab7;\\\">Direcci\u00f3n General de Comercio y Emprendimiento<\/span><\/a><\/span><span lang=\\\"ES-TRAD\\\" style=\\\"font-size: 10.5pt; color: #333333;\\\">, cuyo objetivo es la formaci\u00f3n integral del emprendedor.<\/span><\/span><\/p>\n<p style=\\\"margin: 0cm 0cm 7.5pt 0cm;\\\"><span lang=\\\"ES-TRAD\\\" style=\\\"font-size: 10.5pt; font-family: helvetica; color: #333333;\\\">En dos ciclos, el primero de abril-mayo y el segundo de septiembre a noviembre, y a trav\u00e9s de\u00a0cuatro itinerarios (de cuatro talleres cada uno), los asistentes se han formado en los temas m\u00e1s relevantes a la hora de poner en marcha un negocio.\u00a0<\/span><\/p>\n<p style=\\\"margin: 0cm 0cm 7.5pt 0cm;\\\"><span lang=\\\"ES-TRAD\\\" style=\\\"font-size: 10.5pt; font-family: helvetica; color: #333333;\\\">Grandes profesionales han sido los responsables de cada taller en los dos ciclos:<\/span><\/p>\n<p style=\\\"margin: 0cm 0cm 7.5pt 0cm;\\\"><span lang=\\\"ES-TRAD\\\" style=\\\"font-size: 10.5pt; font-family: helvetica; color: #333333;\\\">En el itinerario 1 \u201cHabilidades del emprendimiento\u201d se gui\u00f3 a los asistentes sobre c\u00f3mo conocer y mejorar las competencias para emprender con \u00e9xito.<\/span><\/p>\n<p style=\\\"margin: 0cm 0cm 7.5pt 0cm;\\\"><span style=\\\"font-family: helvetica;\\\"><span lang=\\\"ES-TRAD\\\" style=\\\"font-size: 10.5pt; color: #333333;\\\">En los talleres del segundo Itinerario \u201cFundamentos del plan de empresa\u201d se recalc\u00f3 la importancia de estudiar la viabilidad t\u00e9cnica y econ\u00f3mica de una iniciativa de emprendimiento insistiendo en la necesidad de un buen<span class=\\\"apple-converted-space\\\">\u00a0<\/span><\/span><span lang=\\\"ES-TRAD\\\"><a href=\\\"\/es\/emprendedores\/asesoramiento-a-emprendedores\/simulador-y-manual-plan-de-empresas\\\"><span style=\\\"font-size: 10.5pt; color: #337ab7;\\\">Plan de Empresa<\/span><\/a><\/span><span class=\\\"apple-converted-space\\\"><span lang=\\\"ES-TRAD\\\" style=\\\"font-size: 10.5pt; color: #333333;\\\">\u00a0<\/span><\/span><span lang=\\\"ES-TRAD\\\" style=\\\"font-size: 10.5pt; color: #333333;\\\">para obtener financiaci\u00f3n externa.<\/span><\/span><\/p>\n<p style=\\\"margin: 0cm 0cm 7.5pt 0cm;\\\"><span lang=\\\"ES-TRAD\\\" style=\\\"font-size: 10.5pt; font-family: helvetica; color: #333333;\\\">En el Itinerario 3 \u201cModelo de negocio y estrategia comercial de ventas\u201d se expuso a trav\u00e9s de diferentes din\u00e1micas, c\u00f3mo a la hora de lanzar la idea al mercado, hay que tener identificado claramente cu\u00e1l es el producto y\/o servicio, d\u00f3nde est\u00e1 ese cliente\u2026 y otras estrategias de utilidad para hacer del negocio sostenible y rentable en el tiempo.<\/span><\/p>\n<p style=\\\"margin: 0cm 0cm 7.5pt 0cm;\\\"><span lang=\\\"ES-TRAD\\\" style=\\\"font-size: 10.5pt; font-family: helvetica; color: #333333;\\\">En \u201cMarketing on line y dise\u00f1o web\u201d, cuarto itinerario de los ciclos, se incidi\u00f3 sobre la importancia de tener una buena p\u00e1gina Web, escaparate del negocio y de la empresa.<\/span><\/p>\n<p style=\\\"margin: 0cm 0cm 7.5pt;\\\"><span lang=\\\"ES-TRAD\\\" style=\\\"font-size: 10.5pt; font-family: helvetica; color: #333333;\\\">En total se han celebrado 32 jornadas con casi 130 horas lectivas. La media de asistencia ha sido aproximadamente de 60 personas por jornada, y un total de 508 alumnos \u00fanicos han adquirido habilidades y capacidades para la puesta en marcha de su negocio.<\/p>\n<p><\/span><\/p>\n<p style=\\\"margin: 0cm 0cm 7.5pt; text-align: center;\\\"><span lang=\\\"ES-TRAD\\\" style=\\\"font-size: 10.5pt; font-family: helvetica; color: #333333;\\\">Puedes descargarte todos los materiales de lo aprendido en los cursos de In-formaci\u00f3n 2016 <\/span><span lang=\\\"ES-TRAD\\\"><span style=\\\"font-size: 10.5pt; font-family: \\'Helvetica Neue\\';\\\"><span style=\\\"font-family: helvetica;\\\"><a href=\\\"\/es\/emprendedores\/in-formacion-y-networking\/cursos-de-in-formacion\\\">aqu\u00ed<\/a>.<\/span><\/p>\n<p><span style=\\\"font-family: helvetica;\\\"> <iframe src=\\\"https:\/\/www.youtube.com\/embed\/c96PcmJdWzc\\\" width=\\\"560\\\" height=\\\"315\\\" frameborder=\\\"0\\\" allowfullscreen=\\\"\\\"><\/iframe> <\/span><br \/><\/span><\/span><\/p>\n","protected":false},"excerpt":{"rendered":"<p>El pasado 30 de noviembre finalizaba en el\u00a0Vivero de Empresas de Puente de&#8230;<\/p>\n","protected":false},"featured_media":7287,"template":"","meta":{"_acf_changed":false},"categories":[],"noticias":[],"class_list":["post-7286","noticias","type-noticias","status-publish","has-post-thumbnail","hentry"],"acf":[],"_links":{"self":[{"href":"https:\/\/test.madridemprende.anovagroup.es\/fr\/wp-json\/wp\/v2\/noticias\/7286"}],"collection":[{"href":"https:\/\/test.madridemprende.anovagroup.es\/fr\/wp-json\/wp\/v2\/noticias"}],"about":[{"href":"https:\/\/test.madridemprende.anovagroup.es\/fr\/wp-json\/wp\/v2\/types\/noticias"}],"version-history":[{"count":0,"href":"https:\/\/test.madridemprende.anovagroup.es\/fr\/wp-json\/wp\/v2\/noticias\/7286\/revisions"}],"wp:featuredmedia":[{"embeddable":true,"href":"https:\/\/test.madridemprende.anovagroup.es\/fr\/wp-json\/wp\/v2\/media\/7287"}],"wp:attachment":[{"href":"https:\/\/test.madridemprende.anovagroup.es\/fr\/wp-json\/wp\/v2\/media?parent=7286"}],"wp:term":[{"taxonomy":"category","embeddable":true,"href":"https:\/\/test.madridemprende.anovagroup.es\/fr\/wp-json\/wp\/v2\/categories?post=7286"},{"taxonomy":"noticias","embeddable":true,"href":"https:\/\/test.madridemprende.anovagroup.es\/fr\/wp-json\/wp\/v2\/noticias?post=7286"}],"curies":[{"name":"wp","href":"https:\/\/api.w.org\/{rel}","templated":true}]}}