{"id":7294,"date":"2016-12-14T00:00:00","date_gmt":"2016-12-14T00:00:00","guid":{"rendered":"https:\/\/pre.madridemprende.anovagroup.es\/noticias\/jornada-de-economa-social-en-el-vivero-de-carabanchel\/"},"modified":"2022-06-08T11:24:53","modified_gmt":"2022-06-08T09:24:53","slug":"jornada-de-economa-social-en-el-vivero-de-carabanchel","status":"publish","type":"noticias","link":"https:\/\/test.madridemprende.anovagroup.es\/fr\/noticias\/jornada-de-economa-social-en-el-vivero-de-carabanchel\/","title":{"rendered":"Jornada de Econom\u00eda Social en el Vivero de Carabanchel"},"content":{"rendered":"<p>La econom\u00eda social est\u00e1 siendo un hito en la generaci\u00f3n y mantenimiento del empleo y Espa\u00f1a, en lo que a este modelo econ\u00f3mico se refiere, es un referente a nivel europeo y mundial.<\/p>\n<p>En las empresas de econom\u00eda social, la persona prima por encima del capital, ya que compaginan competitividad, viabilidad y eficacia, con solidaridad, democracia e igualdad.<\/p>\n<p>Tal como ha aclarado Carmen Comos, \u201clas empresas de econom\u00eda social son empresas ajenas a la especulaci\u00f3n, que redistribuyen la riqueza y que reinvierten sus beneficios fomentando el empleo\u201d.<\/p>\n<p>Espa\u00f1a es el \u00fanico pa\u00eds con un organismo especial representante de la econom\u00eda social: CEPES. Esta plataforma de di\u00e1logo institucional con los poderes p\u00fablicos, en activo desde 1992, es un agente econ\u00f3mico y social, que act\u00faa en el mercado y repercute en la sociedad con su actuaci\u00f3n, defendiendo un modelo de empresa con valores espec\u00edficos propios. CEPES representa el 10% del PIB y los intereses de m\u00e1s de 44.000 empresas, m\u00e1s de 2 millones de empleos directos e indirectos, y 21.415.592 personas asociadas a la econom\u00eda social.<\/p>\n<p>Los valores de implicaci\u00f3n y compromiso con las personas, son el eje del modelo empresarial de econom\u00eda social, que aporta a la sociedad un empleo estable y de calidad, compromiso con el territorio, innovaci\u00f3n social y organizativa, desarrollo del esp\u00edritu emprendedor y solidaridad a trav\u00e9s de la inclusi\u00f3n activa de todos los colectivos. Se crea as\u00ed una econom\u00eda m\u00e1s plural y diversa, transparente, fiable, estable, competitiva y con valores. El modelo de empresa que demanda la sociedad.<\/p>\n<p>En este modelo naci\u00f3 <a href=\\\"https:\/\/www.youtube.com\/watch?v=njwf832iYNk\\\">Asesores Olmain<\/a>, empresa de asesor\u00eda orientada principalmente a emprendedores y PYMES, quienes han expresado a los asistentes las ventajas de la econom\u00eda social. Fundada en 2013, esta asesor\u00eda que ofrece apoyo en las \u00e1reas contables, fiscales, laborales y jur\u00eddicas, ha estado alojada en el Vivero de Empresas de Carabanchel durante tres a\u00f1os, y en 2015 fue ganadora del <a href=\\\"\/es\/noticias\/NewsModule\/displayNewsSeo\/entregados-los-premios-de-la-economa-social-b25d46e4637543f4a15f35cbcc1752e9\/a1e68e17934928aa18a4ef4fdc33060d\/\\\">premio de la Econom\u00eda Social<\/a> del Ayuntamiento de Madrid.<\/p>\n","protected":false},"excerpt":{"rendered":"<p>La econom\u00eda social est\u00e1 siendo un hito en la generaci\u00f3n y mantenimiento del&#8230;<\/p>\n","protected":false},"featured_media":7295,"template":"","meta":{"_acf_changed":false},"categories":[],"noticias":[],"class_list":["post-7294","noticias","type-noticias","status-publish","has-post-thumbnail","hentry"],"acf":[],"_links":{"self":[{"href":"https:\/\/test.madridemprende.anovagroup.es\/fr\/wp-json\/wp\/v2\/noticias\/7294"}],"collection":[{"href":"https:\/\/test.madridemprende.anovagroup.es\/fr\/wp-json\/wp\/v2\/noticias"}],"about":[{"href":"https:\/\/test.madridemprende.anovagroup.es\/fr\/wp-json\/wp\/v2\/types\/noticias"}],"version-history":[{"count":0,"href":"https:\/\/test.madridemprende.anovagroup.es\/fr\/wp-json\/wp\/v2\/noticias\/7294\/revisions"}],"wp:featuredmedia":[{"embeddable":true,"href":"https:\/\/test.madridemprende.anovagroup.es\/fr\/wp-json\/wp\/v2\/media\/7295"}],"wp:attachment":[{"href":"https:\/\/test.madridemprende.anovagroup.es\/fr\/wp-json\/wp\/v2\/media?parent=7294"}],"wp:term":[{"taxonomy":"category","embeddable":true,"href":"https:\/\/test.madridemprende.anovagroup.es\/fr\/wp-json\/wp\/v2\/categories?post=7294"},{"taxonomy":"noticias","embeddable":true,"href":"https:\/\/test.madridemprende.anovagroup.es\/fr\/wp-json\/wp\/v2\/noticias?post=7294"}],"curies":[{"name":"wp","href":"https:\/\/api.w.org\/{rel}","templated":true}]}}