{"id":7306,"date":"2017-01-09T00:00:00","date_gmt":"2017-01-09T00:00:00","guid":{"rendered":"https:\/\/pre.madridemprende.anovagroup.es\/noticias\/gastrofestival-2017-del-21-de-enero-al-5-de-febrero\/"},"modified":"2022-06-08T11:24:51","modified_gmt":"2022-06-08T09:24:51","slug":"gastrofestival-2017-del-21-de-enero-al-5-de-febrero","status":"publish","type":"noticias","link":"https:\/\/test.madridemprende.anovagroup.es\/fr\/noticias\/gastrofestival-2017-del-21-de-enero-al-5-de-febrero\/","title":{"rendered":"Gastrofestival 2017. Del 21 de enero al 5 de febrero"},"content":{"rendered":"<div style=\\\"text-align: justify;\\\"><span style=\\\"text-align: justify;\\\">Entre el 21 de enero y el 5 de febrero de 2017 se celebrar\u00e1 en la capital la octava edici\u00f3n de Gastrofestival, evento gastron\u00f3mico que ofrecer\u00e1 una gran variedad de propuestas para disfrutar de la gastronom\u00eda nacional e internacional, tradicional y vanguardista, y de su relaci\u00f3n con distintas formas de expresi\u00f3n art\u00edstica (cine, moda, teatro, m\u00fasica&#8230;)<\/span><\/div>\n<div style=\\\"text-align: justify;\\\"><span style=\\\"text-align: justify;\\\">Como en eidiciones anteriores, los Mercados municipales estar\u00e1n presentes en Gastrofestival, ofreciendo su amplia gama de productos frescos y de calidad.<\/span><\/div>\n<div style=\\\"text-align: justify;\\\"><span style=\\\"text-align: justify;\\\">Si quieres saber m\u00e1s sobre lo que te ofrecen los Mercados municipales en Gastrofestival 2017,\u00a0<\/span><a style=\\\"text-align: justify;\\\" href=\\\"\/images\/public\/source\/MERCADOS\/GASTROFESTIVAL\/Nota Gastrofestival 2017 (1).pdf\\\" target=\\\"_blank\\\">pincha aqu\u00ed.<\/a><\/div>\n","protected":false},"excerpt":{"rendered":"<p>Entre el 21 de enero y el 5 de febrero de 2017 se celebrar\u00e1 en la capital&#8230;<\/p>\n","protected":false},"featured_media":7307,"template":"","meta":{"_acf_changed":false},"categories":[],"noticias":[],"class_list":["post-7306","noticias","type-noticias","status-publish","has-post-thumbnail","hentry"],"acf":[],"_links":{"self":[{"href":"https:\/\/test.madridemprende.anovagroup.es\/fr\/wp-json\/wp\/v2\/noticias\/7306"}],"collection":[{"href":"https:\/\/test.madridemprende.anovagroup.es\/fr\/wp-json\/wp\/v2\/noticias"}],"about":[{"href":"https:\/\/test.madridemprende.anovagroup.es\/fr\/wp-json\/wp\/v2\/types\/noticias"}],"version-history":[{"count":0,"href":"https:\/\/test.madridemprende.anovagroup.es\/fr\/wp-json\/wp\/v2\/noticias\/7306\/revisions"}],"wp:featuredmedia":[{"embeddable":true,"href":"https:\/\/test.madridemprende.anovagroup.es\/fr\/wp-json\/wp\/v2\/media\/7307"}],"wp:attachment":[{"href":"https:\/\/test.madridemprende.anovagroup.es\/fr\/wp-json\/wp\/v2\/media?parent=7306"}],"wp:term":[{"taxonomy":"category","embeddable":true,"href":"https:\/\/test.madridemprende.anovagroup.es\/fr\/wp-json\/wp\/v2\/categories?post=7306"},{"taxonomy":"noticias","embeddable":true,"href":"https:\/\/test.madridemprende.anovagroup.es\/fr\/wp-json\/wp\/v2\/noticias?post=7306"}],"curies":[{"name":"wp","href":"https:\/\/api.w.org\/{rel}","templated":true}]}}