{"id":7316,"date":"2017-01-23T00:00:00","date_gmt":"2017-01-23T00:00:00","guid":{"rendered":"https:\/\/pre.madridemprende.anovagroup.es\/noticias\/gastrofestival-2017-da-comienzo-en-el-mercado-de-antn-martn\/"},"modified":"2022-06-08T11:24:37","modified_gmt":"2022-06-08T09:24:37","slug":"gastrofestival-2017-da-comienzo-en-el-mercado-de-antn-martn","status":"publish","type":"noticias","link":"https:\/\/test.madridemprende.anovagroup.es\/fr\/noticias\/gastrofestival-2017-da-comienzo-en-el-mercado-de-antn-martn\/","title":{"rendered":"Gastrofestival 2017 da comienzo en el mercado de Ant\u00f3n Mart\u00edn"},"content":{"rendered":"<p class=\\\"MsoNormal\\\" style=\\\"text-align: justify;\\\">Este s\u00e1bado 21 de enero\u00a0ha tenido lugar la inauguraci\u00f3n de <a href=\\\"\/es\/noticias\/NewsModule\/displayNews\/69cb0cee12305e65dcdb460a1518a1b7\\\">Gastrofestival 2017<\/a> en el <strong>Mercado de Ant\u00f3n Mart\u00edn<\/strong>, uno de los <a href=\\\"\/es\/mercados\\\">46 mercados municipales de Madrid<\/a>. Los protagonistas del mismo han sido el <span style=\\\"font-size: 10pt; line-height: 107%; font-family: Arial, sans-serif; background: white;\\\">chef<\/span> navarro <a href=\\\"http:\/\/www.pedrolarumbe.com\/\\\"><strong>Pedro Larumbe<\/strong><\/a>, Premio Nacional de Gastronom\u00eda en 1984, y junto a \u00e9l, los comerciantes de los locales de hosteler\u00eda de Ant\u00f3n Mart\u00edn, cada uno con una tapa especial.<\/p>\n<p class=\\\"MsoNormal\\\" style=\\\"text-align: justify;\\\">Pedro Larumbe, que define su cocina como \\\u00bbactual, pero partiendo de un recetario muy tradicional\\\u00bb, invit\u00f3 a los asistentes a acercarse y comprar en los <a href=\\\"\/es\/mercados\\\">Mercados de Madrid<\/a>, el comercio cercano.<\/p>\n<p class=\\\"MsoNormal\\\" style=\\\"text-align: justify;\\\">Larumbe valor\u00f3 muy positivamente la iniciativa del Ayuntamiento de Madrid de recuperaci\u00f3n de los mercados tradicionales. En su opini\u00f3n \u201c<strong>los mercados te dan la cercan\u00eda, poder hablar, decir los productos que t\u00fa quieres<\/strong>\\\u00bb. Tambi\u00e9n destac\u00f3 Pedro Larumbe la presencia en mercados como el de Ant\u00f3n Mart\u00edn de puestos con <strong>productos de muy diferentes or\u00edgenes<\/strong> geogr\u00e1ficos, \u201cque nos permiten disfrutar cada d\u00eda de un pa\u00eds diferente\u201d, y \u201c<strong>que sobre todo, son aut\u00e9nticos<\/strong>\u201d.<\/p>\n","protected":false},"excerpt":{"rendered":"<p>Este s\u00e1bado 21 de enero\u00a0ha tenido lugar la inauguraci\u00f3n de Gastrofestival&#8230;<\/p>\n","protected":false},"featured_media":7317,"template":"","meta":{"_acf_changed":false},"categories":[],"noticias":[],"class_list":["post-7316","noticias","type-noticias","status-publish","has-post-thumbnail","hentry"],"acf":[],"_links":{"self":[{"href":"https:\/\/test.madridemprende.anovagroup.es\/fr\/wp-json\/wp\/v2\/noticias\/7316"}],"collection":[{"href":"https:\/\/test.madridemprende.anovagroup.es\/fr\/wp-json\/wp\/v2\/noticias"}],"about":[{"href":"https:\/\/test.madridemprende.anovagroup.es\/fr\/wp-json\/wp\/v2\/types\/noticias"}],"version-history":[{"count":0,"href":"https:\/\/test.madridemprende.anovagroup.es\/fr\/wp-json\/wp\/v2\/noticias\/7316\/revisions"}],"wp:featuredmedia":[{"embeddable":true,"href":"https:\/\/test.madridemprende.anovagroup.es\/fr\/wp-json\/wp\/v2\/media\/7317"}],"wp:attachment":[{"href":"https:\/\/test.madridemprende.anovagroup.es\/fr\/wp-json\/wp\/v2\/media?parent=7316"}],"wp:term":[{"taxonomy":"category","embeddable":true,"href":"https:\/\/test.madridemprende.anovagroup.es\/fr\/wp-json\/wp\/v2\/categories?post=7316"},{"taxonomy":"noticias","embeddable":true,"href":"https:\/\/test.madridemprende.anovagroup.es\/fr\/wp-json\/wp\/v2\/noticias?post=7316"}],"curies":[{"name":"wp","href":"https:\/\/api.w.org\/{rel}","templated":true}]}}