{"id":7324,"date":"2017-02-08T00:00:00","date_gmt":"2017-02-08T00:00:00","guid":{"rendered":"https:\/\/pre.madridemprende.anovagroup.es\/noticias\/momad-metrpolis-rene-en-madrid-al-mundo-de-la-moda\/"},"modified":"2022-06-08T11:24:37","modified_gmt":"2022-06-08T09:24:37","slug":"momad-metrpolis-rene-en-madrid-al-mundo-de-la-moda","status":"publish","type":"noticias","link":"https:\/\/test.madridemprende.anovagroup.es\/fr\/noticias\/momad-metrpolis-rene-en-madrid-al-mundo-de-la-moda\/","title":{"rendered":"MOMAD Metr\u00f3polis re\u00fane en Madrid al mundo de la moda"},"content":{"rendered":"<div style=\\\"text-align: justify;\\\">Lo mejor de la moda nacional e internacional se ha dado cita el pasado fin de semana en el recinto ferial de IFEMA en Madrid. <strong><a href=\\\"http:\/\/www.ifema.es\/momadmetropolis_01\\\">MOMAD Metr\u00f3polis<\/a><\/strong>, Sal\u00f3n Internacional de Moda, ha contado con la presencia de <strong>900 marcas de 16 pa\u00edses<\/strong>. Entre los muchos aspectos destacables de esta tercera edici\u00f3n, cabe mencionar la pujanza del concepto de <strong>moda sostenible<\/strong>, que ha contado con un espacio propio para impulsar una producci\u00f3n responsable desde el punto de vista social y medioambiental.<\/div>\n<div style=\\\"text-align: justify;\\\">La Directora General de Comercio y Emprendimiento, <strong>Concepci\u00f3n D\u00edaz de Villegas<\/strong>, ha estado presente en la inauguraci\u00f3n de <strong>MOMAD Metr\u00f3polis<\/strong> en representaci\u00f3n del Ayuntamiento de la ciudad.\u00a0 Junto con representantes de diferentes organismos de Espa\u00f1a y Portugal vinculados al comercio, D\u00edaz de Villegas ha tenido la oportunidad de conocer de primera mano las propuestas presentes en el sal\u00f3n.<\/div>\n<div style=\\\"text-align: justify;\\\">El Ayuntamiento de Madrid apuesta firmemente <strong>por el sector de la moda y por el posicionamiento de nuestra ciudad como referente internacional de la misma<\/strong>. Una muestra de este compromiso es la iniciativa municipal <strong><a href=\\\"http:\/\/www.madridcapitaldemoda.com\/\\\">Madrid Capital de Moda (MCDM)<\/a><\/strong>, marca que aglutina todos los eventos de moda de la ciudad y que potencia la difusi\u00f3n de eventos como <strong>MOMAD Metr\u00f3polis<\/strong>.<!-- [if gte mso 9]><xml>\n <w:WordDocument>\n  <w:View>Normal<\/w:View>\n  <w:Zoom>0<\/w:Zoom>\n  <w:TrackMoves\/>\n  <w:TrackFormatting\/>\n  <w:HyphenationZone>21<\/w:HyphenationZone>\n  <w:PunctuationKerning\/>\n  <w:ValidateAgainstSchemas\/>\n  <w:SaveIfXMLInvalid>false<\/w:SaveIfXMLInvalid>\n  <w:IgnoreMixedContent>false<\/w:IgnoreMixedContent>\n  <w:AlwaysShowPlaceholderText>false<\/w:AlwaysShowPlaceholderText>\n  <w:DoNotPromoteQF\/>\n  <w:LidThemeOther>ES<\/w:LidThemeOther>\n  <w:LidThemeAsian>X-NONE<\/w:LidThemeAsian>\n  <w:LidThemeComplexScript>X-NONE<\/w:LidThemeComplexScript>\n  <w:Compatibility>\n   <w:BreakWrappedTables\/>\n   <w:SnapToGridInCell\/>\n   <w:WrapTextWithPunct\/>\n   <w:UseAsianBreakRules\/>\n   <w:DontGrowAutofit\/>\n   <w:SplitPgBreakAndParaMark\/>\n   <w:DontVertAlignCellWithSp\/>\n   <w:DontBreakConstrainedForcedTables\/>\n   <w:DontVertAlignInTxbx\/>\n   <w:Word11KerningPairs\/>\n   <w:CachedColBalance\/>\n  <\/w:Compatibility>\n  <m:mathPr>\n   <m:mathFont m:val=\\\"Cambria Math\\\"\/>\n   <m:brkBin m:val=\\\"before\\\"\/>\n   <m:brkBinSub m:val=\\\"--\\\"\/>\n   <m:smallFrac m:val=\\\"off\\\"\/>\n   <m:dispDef\/>\n   <m:lMargin m:val=\\\"0\\\"\/>\n   <m:rMargin m:val=\\\"0\\\"\/>\n   <m:defJc m:val=\\\"centerGroup\\\"\/>\n   <m:wrapIndent m:val=\\\"1440\\\"\/>\n   <m:intLim m:val=\\\"subSup\\\"\/>\n   <m:naryLim m:val=\\\"undOvr\\\"\/>\n  <\/m:mathPr><\/w:WordDocument>\n<\/xml><![endif]--><\/div>\n","protected":false},"excerpt":{"rendered":"<p>Lo mejor de la moda nacional e internacional se ha dado cita el pasado fin&#8230;<\/p>\n","protected":false},"featured_media":7325,"template":"","meta":{"_acf_changed":false},"categories":[],"noticias":[],"class_list":["post-7324","noticias","type-noticias","status-publish","has-post-thumbnail","hentry"],"acf":[],"_links":{"self":[{"href":"https:\/\/test.madridemprende.anovagroup.es\/fr\/wp-json\/wp\/v2\/noticias\/7324"}],"collection":[{"href":"https:\/\/test.madridemprende.anovagroup.es\/fr\/wp-json\/wp\/v2\/noticias"}],"about":[{"href":"https:\/\/test.madridemprende.anovagroup.es\/fr\/wp-json\/wp\/v2\/types\/noticias"}],"version-history":[{"count":0,"href":"https:\/\/test.madridemprende.anovagroup.es\/fr\/wp-json\/wp\/v2\/noticias\/7324\/revisions"}],"wp:featuredmedia":[{"embeddable":true,"href":"https:\/\/test.madridemprende.anovagroup.es\/fr\/wp-json\/wp\/v2\/media\/7325"}],"wp:attachment":[{"href":"https:\/\/test.madridemprende.anovagroup.es\/fr\/wp-json\/wp\/v2\/media?parent=7324"}],"wp:term":[{"taxonomy":"category","embeddable":true,"href":"https:\/\/test.madridemprende.anovagroup.es\/fr\/wp-json\/wp\/v2\/categories?post=7324"},{"taxonomy":"noticias","embeddable":true,"href":"https:\/\/test.madridemprende.anovagroup.es\/fr\/wp-json\/wp\/v2\/noticias?post=7324"}],"curies":[{"name":"wp","href":"https:\/\/api.w.org\/{rel}","templated":true}]}}