{"id":7336,"date":"2017-02-15T00:00:00","date_gmt":"2017-02-15T00:00:00","guid":{"rendered":"https:\/\/pre.madridemprende.anovagroup.es\/noticias\/cocina-saludable-para-familias-en-los-mercados-municipales\/"},"modified":"2022-06-08T11:24:35","modified_gmt":"2022-06-08T09:24:35","slug":"cocina-saludable-para-familias-en-los-mercados-municipales","status":"publish","type":"noticias","link":"https:\/\/test.madridemprende.anovagroup.es\/fr\/noticias\/cocina-saludable-para-familias-en-los-mercados-municipales\/","title":{"rendered":"Cocina saludable para familias en los Mercados Municipales"},"content":{"rendered":"<div style=\\\"text-align: justify;\\\"><span style=\\\"font-size: 12pt;\\\"><span style=\\\"line-height: 18.4px; text-align: justify;\\\">El objetivo primordial de estos talleres es fomentar entre las familias, especialmente entre los m\u00e1s peque\u00f1os, h\u00e1bitos saludables para una alimentaci\u00f3n responsable, como una forma de prevenir y reducir la incidencia de enfermedades cardiovasculares. Y nuevamente los\u00a0<\/span><a style=\\\"font-size: 16px; line-height: 18.4px; text-align: justify;\\\" href=\\\"\/es\/mercados\\\" target=\\\"_blank\\\">Mercados Municipales<\/a><span style=\\\"line-height: 18.4px; text-align: justify;\\\">\u00a0se ofrecen como el espacio id\u00f3neo\u00a0 para ello. En esta ocasi\u00f3n cobrar\u00e1n especial protagonismo los carniceros y charcuteros de los mercados que ofrecer\u00e1n sus productos para la elaboraci\u00f3n de las recetas.<br \/><\/span>Marta Higueras, primera teniente de alcalde y responsable del \u00c1rea de Gobierno de Equidad, Derechos Sociales y Empleo, acompa\u00f1ada por la Directora General de Comercio y Emprendimiento, Concepci\u00f3n D\u00edaz de Villegas Sol\u00e1ns, acudi\u00f3 al madrile\u00f1o Mercado de Santa Mar\u00eda de la Cabeza para participar junto a las familias en la elabroaci\u00f3n de las recetas propuestas por Chef Pepo, dise\u00f1adas por los cocineros del Restaurante Montia, galardonado con una estrella Michelin y supervisadas por el Doctor Javier Blumenfeld, Pediatra Endocrin\u00f3logo.<br \/>\u00a0<\/span><span style=\\\"font-size: 12pt; line-height: 18.4px;\\\">Se trata de una excelente ocasi\u00f3n para que los m\u00e1s peque\u00f1os, entre 5 y 12 a\u00f1os, acompa\u00f1ados de sus padres disfruten aprendiendo a cocinar deliciosas y saludables recetas con carne de cerdo, descubriendo sus propiedades nutritivas y su versatilidad.<\/span><\/p>\n<p class=\\\"MsoNormal\\\"><span lang=\\\"ES\\\" style=\\\"font-size: 12.0pt; line-height: 115%; mso-ansi-language: ES;\\\">En la organizaci\u00f3n de los talleres tambi\u00e9n han colaborado la Confederaci\u00f3n Espa\u00f1ola de Detallistas de la Carne (CEDERNE), la Universidad Rey Juan Carlos y su Observatorio para el Estudio y Desarrollo de Innovaciones en el \u00c1mbito Educativo.<\/span><\/p>\n<p><span style=\\\"font-size: 12pt;\\\"><br \/><\/span><\/div>\n","protected":false},"excerpt":{"rendered":"<p>El objetivo primordial de estos talleres es fomentar entre las familias,&#8230;<\/p>\n","protected":false},"featured_media":7337,"template":"","meta":{"_acf_changed":false},"categories":[],"noticias":[],"class_list":["post-7336","noticias","type-noticias","status-publish","has-post-thumbnail","hentry"],"acf":[],"_links":{"self":[{"href":"https:\/\/test.madridemprende.anovagroup.es\/fr\/wp-json\/wp\/v2\/noticias\/7336"}],"collection":[{"href":"https:\/\/test.madridemprende.anovagroup.es\/fr\/wp-json\/wp\/v2\/noticias"}],"about":[{"href":"https:\/\/test.madridemprende.anovagroup.es\/fr\/wp-json\/wp\/v2\/types\/noticias"}],"version-history":[{"count":0,"href":"https:\/\/test.madridemprende.anovagroup.es\/fr\/wp-json\/wp\/v2\/noticias\/7336\/revisions"}],"wp:featuredmedia":[{"embeddable":true,"href":"https:\/\/test.madridemprende.anovagroup.es\/fr\/wp-json\/wp\/v2\/media\/7337"}],"wp:attachment":[{"href":"https:\/\/test.madridemprende.anovagroup.es\/fr\/wp-json\/wp\/v2\/media?parent=7336"}],"wp:term":[{"taxonomy":"category","embeddable":true,"href":"https:\/\/test.madridemprende.anovagroup.es\/fr\/wp-json\/wp\/v2\/categories?post=7336"},{"taxonomy":"noticias","embeddable":true,"href":"https:\/\/test.madridemprende.anovagroup.es\/fr\/wp-json\/wp\/v2\/noticias?post=7336"}],"curies":[{"name":"wp","href":"https:\/\/api.w.org\/{rel}","templated":true}]}}