{"id":7340,"date":"2017-02-16T00:00:00","date_gmt":"2017-02-16T00:00:00","guid":{"rendered":"https:\/\/pre.madridemprende.anovagroup.es\/noticias\/madrid-capital-de-moda-vuelve-a-acercar-la-moda-al-centro-de-la-ciudad\/"},"modified":"2022-06-08T11:24:34","modified_gmt":"2022-06-08T09:24:34","slug":"madrid-capital-de-moda-vuelve-a-acercar-la-moda-al-centro-de-la-ciudad","status":"publish","type":"noticias","link":"https:\/\/test.madridemprende.anovagroup.es\/fr\/noticias\/madrid-capital-de-moda-vuelve-a-acercar-la-moda-al-centro-de-la-ciudad\/","title":{"rendered":"Madrid Capital de Moda vuelve a acercar la moda al centro de la ciudad."},"content":{"rendered":"<p>Como cada mes de febrero, \u00a0vuelven a Madrid los numerosos desfiles de la pasarela<a href=\\\"http:\/\/www.madridcapitaldemoda.com\/noticias\/65-edicion-mbfwm-presentacion-y-novedades\/\\\" target=\\\"_blank\\\"> Mercedes Benz Fashion Week Madrid<\/a>\u00a0y a las dem\u00e1s actividades preparadas para la semana de la moda de la capital.\u00a0<\/p>\n<div>Desde el Ayuntamiento de Madrid, a trav\u00e9s del programa Madrid Capital de Moda apoyamos la calidad, el trabajo y el dise\u00f1o espa\u00f1ol y, sobre todo, queremos acercarlo a todos los ciudadanos y quienes nos visitan y contribuir a que nuestra ciudad, durante estos d\u00edas, sienta, respire y viva la moda.<\/div>\n<div>\n<div>Para ello, \u00a0desde \u00a0hoy y hasta el pr\u00f3ximo 21 de febrero, \u00a0hemos instalado \u00a0en la c\u00e9ntrica <a href=\\\"http:\/\/www.madridcapitaldemoda.com\/noticias\/disfruta-de-mbfwm-en-la-plaza-margaret-thatcher\/\\\" target=\\\"_blank\\\">Plaza de Margaret Thatcher<\/a>, junto a la plaza de Col\u00f3n, \u00a0 una pantalla gigante en la que se retransmitir\u00e1n en directo, en el horario establecido, cada uno de los desfiles de MBFWM en IFEMA.\u00a0<\/p>\n<div>Adem\u00e1s, desde la plataforma online de <a href=\\\"http:\/\/www.madridcapitaldemoda.com\/\\\" target=\\\"_blank\\\">Madrid Capital de Moda<\/a>\u00a0se podr\u00e1 seguir tambi\u00e9n los desfiles en streaming desde cualquier dispositivo, con el fin de que el p\u00fablico general pueda conocer las nuevas colecciones de los dise\u00f1adores al momento de su presentaci\u00f3n.<\/div>\n<div>Asimismo, en la pantalla y la plataforma \u00a0se presentar\u00e1n durante esos d\u00edas los videos realizados por Madrid Capital de Moda para la presentaci\u00f3n y difusi\u00f3n de las principales \u00a0zonas comerciales de Madrid de atractivo tur\u00edstico, en las que son protagonista indiscutible los establecimientos comerciales del sector de la moda ( textil, calzado, complementos, decoraci\u00f3n\u2026.) que acercan al consumidor toda la moda de las pasarelas y mucho m\u00e1s.<\/div>\n<div>Madrid Capital de Moda es una iniciativa promovida por el Ayuntamiento de Madrid, a trav\u00e9s de la Direcci\u00f3n General de Comercio y Emprendimiento, con la colaboraci\u00f3n de\u00a0<a href=\\\"http:\/\/www.ifema.es\/Institucional_01\/\\\">IFEMA<\/a>, <a href=\\\"http:\/\/www.acotex.org\/\\\">ACOTEX<\/a>, <a href=\\\"http:\/\/creadores.org\/\\\">ACME<\/a>, <a href=\\\"http:\/\/museodeltraje.mcu.es\/\\\">Museo del Traje<\/a>, <a href=\\\"http:\/\/condeduquemadrid.es\/\\\">Centro Conde Duque<\/a>, <a href=\\\"http:\/\/www.mfshow.es\/\\\">MF show<\/a> y \u00a0<a href=\\\"http:\/\/asecom.org\/\\\">ASECOM<\/a>. En esta edici\u00f3n el proyecto ha contado asimismo con el apoyo del <a href=\\\"http:\/\/forodeempresaspormadrid.es\/\\\">Foro de Empresas de Madrid<\/a>.<\/div>\n<div>El objetivo de este proyecto \u00a0aglutinar todos los eventos de moda, belleza y estilo de vida como concepto general de moda y que son celebrados en la ciudad y facilitar el desarrollo en nuestra ciudad \u00a0de todas las actividades (expositivas, comerciales, industriales, creativas,\u2026.) que contribuyan a consolidar Madrid como capital puntera y de referencia en el mundo de la moda.<\/div>\n<div>La web <a href=\\\"\/NdSite\/Ctrl\/CMS\/displayPageContent\/fb1c1709ec28543ee56d02da2d1e5a47\/31e00ac86c52a6fbd31f61fe1fc0d67f\/NewsModule\/editNews\/27d4f51af835546a781db6758e1a8bb7\/www.madridcapitaldemoda.com\\\" target=\\\"_blank\\\">www.madridcapitaldemoda.com<\/a>, es gu\u00eda de todo lo que sucede en Madrid relacionado con la moda, para visibilizar, atraer y dar a conocer las propuestas m\u00e1s significativa, tanto de entidades p\u00fablicas como privadas, que hacen de esta ciudad, una capital de moda dentro del panorama internacional.<\/div>\n<div>Contando con el apoyo de instituciones, empresas y asociaciones, Madrid Capital De Moda, se convierte en un faro que apunta al sector de la moda y el comercio textil, motor de econom\u00eda y empleo.<\/div>\n<div>Un proyecto para unir fuerzas entre todas las personas que trabajan por y para la moda en Madrid.<\/div>\n<\/div>\n<\/div>\n","protected":false},"excerpt":{"rendered":"<p>Como cada mes de febrero, \u00a0vuelven a Madrid los numerosos desfiles de la&#8230;<\/p>\n","protected":false},"featured_media":7341,"template":"","meta":{"_acf_changed":false},"categories":[],"noticias":[],"class_list":["post-7340","noticias","type-noticias","status-publish","has-post-thumbnail","hentry"],"acf":[],"_links":{"self":[{"href":"https:\/\/test.madridemprende.anovagroup.es\/fr\/wp-json\/wp\/v2\/noticias\/7340"}],"collection":[{"href":"https:\/\/test.madridemprende.anovagroup.es\/fr\/wp-json\/wp\/v2\/noticias"}],"about":[{"href":"https:\/\/test.madridemprende.anovagroup.es\/fr\/wp-json\/wp\/v2\/types\/noticias"}],"version-history":[{"count":0,"href":"https:\/\/test.madridemprende.anovagroup.es\/fr\/wp-json\/wp\/v2\/noticias\/7340\/revisions"}],"wp:featuredmedia":[{"embeddable":true,"href":"https:\/\/test.madridemprende.anovagroup.es\/fr\/wp-json\/wp\/v2\/media\/7341"}],"wp:attachment":[{"href":"https:\/\/test.madridemprende.anovagroup.es\/fr\/wp-json\/wp\/v2\/media?parent=7340"}],"wp:term":[{"taxonomy":"category","embeddable":true,"href":"https:\/\/test.madridemprende.anovagroup.es\/fr\/wp-json\/wp\/v2\/categories?post=7340"},{"taxonomy":"noticias","embeddable":true,"href":"https:\/\/test.madridemprende.anovagroup.es\/fr\/wp-json\/wp\/v2\/noticias?post=7340"}],"curies":[{"name":"wp","href":"https:\/\/api.w.org\/{rel}","templated":true}]}}