{"id":7342,"date":"2017-02-17T00:00:00","date_gmt":"2017-02-17T00:00:00","guid":{"rendered":"https:\/\/pre.madridemprende.anovagroup.es\/noticias\/arranca-autocine-madrid-ganadoras-del-premio-emprendedoras-2016\/"},"modified":"2022-06-08T11:24:34","modified_gmt":"2022-06-08T09:24:34","slug":"arranca-autocine-madrid-ganadoras-del-premio-emprendedoras-2016","status":"publish","type":"noticias","link":"https:\/\/test.madridemprende.anovagroup.es\/fr\/noticias\/arranca-autocine-madrid-ganadoras-del-premio-emprendedoras-2016\/","title":{"rendered":"Arranca Autocine Madrid, ganadoras del Premio Emprendedoras 2016"},"content":{"rendered":"<p>En diciembre ten\u00edamos el placer de compartir con vosotros los proyectos ganadores de la VI edici\u00f3n del\u00a0<a href=\\\"http:\/\/www.madridemprende.com\/es\/emprendedores\/aceleracion-de-empresas\/premio-emprendedoras\\\">Premio Emprendedoras 2016<\/a>, celebrado en la\u00a0<a href=\\\"\/es\/emprendedores\/espacios-para-emprendedores\/viveros-de-empresas\\\">Red de Viveros del Ayuntamiento de Madrid<\/a>.<\/p>\n<p>Ahora, dos meses despu\u00e9s nos complace compartir que nuestras ganadoras en la categor\u00eda Idea Emprendedora, Tamara Istambul y Cristina Puerta con su proyecto\u00a0<a href=\\\"http:\/\/www.autocinesmadrid.es\/\\\">Autocine Madrid<\/a>, inician su actividad\u00a0el pr\u00f3ximo 24 de febrero con la proyecci\u00f3n de\u00a0la pel\u00edcula \\&#8217;Grease\\&#8217; en el que\u00a0<strong>ser\u00e1\u00a0el primer autocine de Madrid<\/strong>, donde combinar\u00e1n proyecciones de pel\u00edculas cl\u00e1sicas con estrenos.\u00a0<\/p>\n<p>Cuenta con una superficie de 27.000 metros cuadrados ubicados en la zona de Chamart\u00edn, con capacidad para 350 veh\u00edculos, pantalla gigante, zona gastron\u00f3mica con food trucks, etc.<\/p>\n<p>Con pantalla gigante de 250 metros cuadrados\u00a0y proyecci\u00f3n digital, tendr\u00e1 su sistema de sonido que permitir\u00e1 escuchar la pel\u00edcula que se proyecte a trav\u00e9s de la radio de los coches, por emisora FM. A su vez,\u00a0contar\u00e1 con un \\\u00bbaut\u00e9ntico <em>diner<\/em> americano con zona de terraza\\\u00bb\u00a0y varios <em>food trucks<\/em> para combinar el cine y la gastronom\u00eda y convertirse en un \\\u00bbespacio de referencia\\\u00bb en Madrid.<\/p>\n<p>El Autocine\u00a0tambi\u00e9n albergar\u00e1 eventos privados\u00a0como preestrenos, rodajes, reuniones o eventos de empresa.<\/p>\n<p><a href=\\\"https:\/\/www.facebook.com\/autocines.madrid\/?fref=ts\\\" target=\\\"_blank\\\">https:\/\/www.facebook.com\/autocines.madrid\/?fref=ts<\/a><\/p>\n<p><a href=\\\"https:\/\/twitter.com\/autocinesmadrid\\\" target=\\\"_blank\\\">https:\/\/twitter.com\/autocinesmadrid<\/a><\/p>\n<p>\u00a0<\/p>\n","protected":false},"excerpt":{"rendered":"<p>En diciembre ten\u00edamos el placer de compartir con vosotros los proyectos&#8230;<\/p>\n","protected":false},"featured_media":7343,"template":"","meta":{"_acf_changed":false},"categories":[],"noticias":[],"class_list":["post-7342","noticias","type-noticias","status-publish","has-post-thumbnail","hentry"],"acf":[],"_links":{"self":[{"href":"https:\/\/test.madridemprende.anovagroup.es\/fr\/wp-json\/wp\/v2\/noticias\/7342"}],"collection":[{"href":"https:\/\/test.madridemprende.anovagroup.es\/fr\/wp-json\/wp\/v2\/noticias"}],"about":[{"href":"https:\/\/test.madridemprende.anovagroup.es\/fr\/wp-json\/wp\/v2\/types\/noticias"}],"version-history":[{"count":0,"href":"https:\/\/test.madridemprende.anovagroup.es\/fr\/wp-json\/wp\/v2\/noticias\/7342\/revisions"}],"wp:featuredmedia":[{"embeddable":true,"href":"https:\/\/test.madridemprende.anovagroup.es\/fr\/wp-json\/wp\/v2\/media\/7343"}],"wp:attachment":[{"href":"https:\/\/test.madridemprende.anovagroup.es\/fr\/wp-json\/wp\/v2\/media?parent=7342"}],"wp:term":[{"taxonomy":"category","embeddable":true,"href":"https:\/\/test.madridemprende.anovagroup.es\/fr\/wp-json\/wp\/v2\/categories?post=7342"},{"taxonomy":"noticias","embeddable":true,"href":"https:\/\/test.madridemprende.anovagroup.es\/fr\/wp-json\/wp\/v2\/noticias?post=7342"}],"curies":[{"name":"wp","href":"https:\/\/api.w.org\/{rel}","templated":true}]}}