{"id":7354,"date":"2017-03-02T00:00:00","date_gmt":"2017-03-02T00:00:00","guid":{"rendered":"https:\/\/pre.madridemprende.anovagroup.es\/noticias\/si-quieres-puedes-apoyando-el-emprendimiento-de-las-personas-con-discapacidad\/"},"modified":"2023-06-06T10:10:17","modified_gmt":"2023-06-06T08:10:17","slug":"si-quieres-puedes-apoyando-el-emprendimiento-de-las-personas-con-discapacidad","status":"publish","type":"noticias","link":"https:\/\/test.madridemprende.anovagroup.es\/fr\/noticias\/si-quieres-puedes-apoyando-el-emprendimiento-de-las-personas-con-discapacidad\/","title":{"rendered":"\u00abSi quieres, puedes\u00bb, apoyando el emprendimiento de las personas con discapacidad"},"content":{"rendered":"<div>Conseguir financiaci\u00f3n para un proyecto, un reto para cualquier emprendedor, supone habitualmente un desaf\u00edo mayor cuando quien emprende es una persona con discapacidad. Esta ma\u00f1ana tenido lugar el evento <em><strong>Si quieres, puedes<\/strong><\/em>, jornada de presentaci\u00f3n de los microcr\u00e9ditos <em><strong>Apostamos por ti<\/strong>\u00a0<\/em>del <strong><a href=\"\\&quot;http:\/\/www.grupobancopopular.com\\&quot;\">Grupo Banco Popular<\/a><\/strong>, una herramienta de financiaci\u00f3n para emprendedores con discapacidad.<\/div>\n<div>Organizada por la <strong><a href=\"\\&quot;http:\/\/www.catedrakonectaurjc.es\/\\&quot;\">C\u00e1tedra Fundaci\u00f3n Konecta-URJC<\/a><\/strong>\u00a0y la entidad bancaria, la jornada se ha desarrollado en el <strong><a href=\"\\&quot;\/es\/emprendedores\/espacios-para-emprendedores\/viveros-de-empresas\/Viveros\/ficha\/1d2b603c5ca5d984996cb36e7138fd9d\/\\&quot;\">Vivero de Vic\u00e1lvaro<\/a><\/strong>\u00a0(centro perteneciente a la <strong><a href=\"\\&quot;\/es\/emprendedores\/espacios-para-emprendedores\/viveros-de-empresas\\&quot;\">Red de Viveros<\/a>\u00a0<\/strong>de Empresas de la ciudad) en virtud del convenio de colaboraci\u00f3n con\u00a0el <strong>Ayuntamiento de Madrid\u00a0<\/strong>para el desarrollo de actuaciones sobre el emprendimiento de personas con discapacidad.<\/div>\n<div>En la jornada ha participado <strong>M\u00aa Dolores Enrique<\/strong>, fundadora de <strong><a href=\"\\&quot;http:\/\/cadenadevalor.es\/\\&quot;\">Cadena de Valor<\/a><\/strong>, una de las empresas que actualmente se encuentran alojadas en el <strong>Vivero de Vic\u00e1lvaro<\/strong>. Esta emprendedora ha aportado su propia experiencia sobre las dificultades que experimentan los emprendedores con discapacidad a la hora de buscar financiaci\u00f3n. El proyecto de Loli\u00a0presta servicios de consultor\u00eda a empresas en materia de Responsabilidad Social Corporativa en el campo de la discapacidad.<\/div>\n","protected":false},"excerpt":{"rendered":"<p>Conseguir financiaci\u00f3n para un proyecto, un reto para cualquier&#8230;<\/p>\n","protected":false},"featured_media":7355,"template":"","meta":{"_acf_changed":false},"categories":[],"noticias":[],"class_list":["post-7354","noticias","type-noticias","status-publish","has-post-thumbnail","hentry"],"acf":[],"_links":{"self":[{"href":"https:\/\/test.madridemprende.anovagroup.es\/fr\/wp-json\/wp\/v2\/noticias\/7354"}],"collection":[{"href":"https:\/\/test.madridemprende.anovagroup.es\/fr\/wp-json\/wp\/v2\/noticias"}],"about":[{"href":"https:\/\/test.madridemprende.anovagroup.es\/fr\/wp-json\/wp\/v2\/types\/noticias"}],"version-history":[{"count":0,"href":"https:\/\/test.madridemprende.anovagroup.es\/fr\/wp-json\/wp\/v2\/noticias\/7354\/revisions"}],"wp:featuredmedia":[{"embeddable":true,"href":"https:\/\/test.madridemprende.anovagroup.es\/fr\/wp-json\/wp\/v2\/media\/7355"}],"wp:attachment":[{"href":"https:\/\/test.madridemprende.anovagroup.es\/fr\/wp-json\/wp\/v2\/media?parent=7354"}],"wp:term":[{"taxonomy":"category","embeddable":true,"href":"https:\/\/test.madridemprende.anovagroup.es\/fr\/wp-json\/wp\/v2\/categories?post=7354"},{"taxonomy":"noticias","embeddable":true,"href":"https:\/\/test.madridemprende.anovagroup.es\/fr\/wp-json\/wp\/v2\/noticias?post=7354"}],"curies":[{"name":"wp","href":"https:\/\/api.w.org\/{rel}","templated":true}]}}