{"id":7362,"date":"2017-03-09T00:00:00","date_gmt":"2017-03-09T00:00:00","guid":{"rendered":"https:\/\/pre.madridemprende.anovagroup.es\/noticias\/foro-master-your-card\/"},"modified":"2022-06-08T11:24:32","modified_gmt":"2022-06-08T09:24:32","slug":"foro-master-your-card","status":"publish","type":"noticias","link":"https:\/\/test.madridemprende.anovagroup.es\/fr\/noticias\/foro-master-your-card\/","title":{"rendered":"Foro Master Your Card"},"content":{"rendered":"<div style=\\\"text-align: justify;\\\">El evento, organizado por <a href=\\\"https:\/\/www.masteryourcardusa.org\/es\/que-hacemos\/\\\" target=\\\"_blank\\\">Mastercard<\/a>\u00a0con la colaboraci\u00f3n y apoyo de la <strong>Direcci\u00f3n General de Comercio y Emprendimiento<\/strong> del Ayuntamiento de Madrid, se ha celebrado el jueves 9 de marzo en el sal\u00f3n de actos de la sede de la Calle Pr\u00edncipe de Vergara, 140.<\/p>\n<p>Durante el Foro, al que han acudido m\u00e1s de 40 profesionales del sector del comercio minorista y hostelero, incluidos los mercados municipales y representantes de los vendedores ambulantes de nuestra ciudad, y bajo el lema <strong>\\\u00bbUn mejor futuro a tu alcance\\\u00bb<\/strong>, se han presentado\u00a0las distintas posibilidades relativas a la innovaci\u00f3n en los medios de pago electr\u00f3nicos, as\u00ed como los beneficios y ventajas que aportan a sus negocios.<\/p>\n<p>En este encuentro se ha puesto en evidencia que los clientes demandan cada vez m\u00e1s el pago con tarjeta, siendo el pago electr\u00f3nico el medio m\u00e1s seguro, r\u00e1pido y barato para que los negocios realicen y reciban los pagos. En definitiva, se trata de una apuesta clara para atraer a nuevos clientes. As\u00ed mismo se ha dado a conocer a los asistentes el procedimiento r\u00e1pido y sencillo para disponer de un medio de pago electr\u00f3nico adaptado a las necesidades y peculiaridades de su negocio.<\/p>\n<p>El Foro ha contado con la presencia de la Directora General de Comercio y Emprendimiento, Concepci\u00f3n D\u00edaz de Villegas, quien se ha encargado de presentar a los asistentes la<strong> plataforma de comercio electr\u00f3nico <a href=\\\"http:\/\/www.mercado47.com\/\\\" target=\\\"_blank\\\">Mercado47<\/a><\/strong>\u00a0implantada\u00a0con el apoyo del Ayuntamiento de Madrid y dirigida de forma espec\u00edfica al peque\u00f1o comercio y pymes de la capital para la difusi\u00f3n y venta online de sus productos y servicios. \u00a0 \u00a0 \u00a0 \u00a0 \u00a0<\/p>\n<p> \u00a0<\/p><\/div>\n<p><iframe src=\\\"https:\/\/www.youtube.com\/embed\/Mcym73YzGgU\\\" width=\\\"548\\\" height=\\\"308\\\" frameborder=\\\"0\\\" allowfullscreen=\\\"\\\"><\/iframe><\/p>\n","protected":false},"excerpt":{"rendered":"<p>El evento, organizado por Mastercard\u00a0con la colaboraci\u00f3n y apoyo de la&#8230;<\/p>\n","protected":false},"featured_media":7363,"template":"","meta":{"_acf_changed":false},"categories":[],"noticias":[],"class_list":["post-7362","noticias","type-noticias","status-publish","has-post-thumbnail","hentry"],"acf":[],"_links":{"self":[{"href":"https:\/\/test.madridemprende.anovagroup.es\/fr\/wp-json\/wp\/v2\/noticias\/7362"}],"collection":[{"href":"https:\/\/test.madridemprende.anovagroup.es\/fr\/wp-json\/wp\/v2\/noticias"}],"about":[{"href":"https:\/\/test.madridemprende.anovagroup.es\/fr\/wp-json\/wp\/v2\/types\/noticias"}],"version-history":[{"count":0,"href":"https:\/\/test.madridemprende.anovagroup.es\/fr\/wp-json\/wp\/v2\/noticias\/7362\/revisions"}],"wp:featuredmedia":[{"embeddable":true,"href":"https:\/\/test.madridemprende.anovagroup.es\/fr\/wp-json\/wp\/v2\/media\/7363"}],"wp:attachment":[{"href":"https:\/\/test.madridemprende.anovagroup.es\/fr\/wp-json\/wp\/v2\/media?parent=7362"}],"wp:term":[{"taxonomy":"category","embeddable":true,"href":"https:\/\/test.madridemprende.anovagroup.es\/fr\/wp-json\/wp\/v2\/categories?post=7362"},{"taxonomy":"noticias","embeddable":true,"href":"https:\/\/test.madridemprende.anovagroup.es\/fr\/wp-json\/wp\/v2\/noticias?post=7362"}],"curies":[{"name":"wp","href":"https:\/\/api.w.org\/{rel}","templated":true}]}}