{"id":7378,"date":"2017-03-28T00:00:00","date_gmt":"2017-03-28T00:00:00","guid":{"rendered":"https:\/\/pre.madridemprende.anovagroup.es\/noticias\/el-ayuntamiento-de-madrid-abre-su-quinto-espacio-de-coworkinggratuito\/"},"modified":"2022-06-08T11:24:30","modified_gmt":"2022-06-08T09:24:30","slug":"el-ayuntamiento-de-madrid-abre-su-quinto-espacio-de-coworkinggratuito","status":"publish","type":"noticias","link":"https:\/\/test.madridemprende.anovagroup.es\/fr\/noticias\/el-ayuntamiento-de-madrid-abre-su-quinto-espacio-de-coworkinggratuito\/","title":{"rendered":"El Ayuntamiento de Madrid abre su quinto espacio de #CoworkingGratuito"},"content":{"rendered":"<p>Este nuevo espacio se encuentra ubicado en la tercera planta del <a href=\\\"http:\/\/www.madrid.es\/portales\/munimadrid\/es\/Inicio\/Cultura-ocio-y-deporte\/Cultura-y-ocio\/Direcciones-y-telefonos\/Centro-Cultural-Lope-de-Vega-Puente-de-Vallecas-?vgnextfmt=default&#038;vgnextoid=4a273d0b5e71c010VgnVCM1000000b205a0aRCRD&#038;vgnextchannel=76f3efff228fe410VgnVCM2000000c205a0aRCRD\\\" target=\\\"_blank\\\">Centro Cultural Lope de Vega<\/a>\u00a0del distrito de Puente de Vallecas (Calle Concejo de Teverga n\u00ba 1, 28053-Madrid).<\/p>\n<p>Este nuevo espacio estar\u00e1 a disposici\u00f3n de los emprendedores y emprendedoras de lunes a viernes de 9 a 21h, si bien el personal t\u00e9cnico especializado en asesoramiento prestar\u00e1 su servicio los martes y los jueves de 9h a 14h.<\/p>\n<p>Se trata de una experiencia piloto que tiene su origen en el Pleno de la Junta Municipal del Distrito de Vallecas, del 2 de diciembre de 2015, que inst\u00f3 a esta Direcci\u00f3n General, competente en materia de emprendimiento, a establecer a modo de proyecto piloto un espacio de \u201ccoworking\u201d en el Centro cultural Lope de Vega, del barrio de Entrev\u00edas.<\/p>\n<p>Las personas interesadas pueden solicitar su plaza presencialmente a partir del 4 de abril a las 9:00h.\u00a0<a title=\\\"COWORKING_LOPE DE VEGA_PV\\\" href=\\\"\/images\/public\/source\/EMPRENDEDORES\/COWORKING_LOPE DE VEGA_PV.pdf\\\">Requisitos de acceso<\/a><\/p>\n<p>Como el resto de los espacios de <strong><a href=\\\"https:\/\/twitter.com\/search?q=%23CoworkingGratuito%20&#038;src=typd\\\" target=\\\"_blank\\\">#CoworkingGratuito<\/a><\/strong> contar\u00e1 con puestos de trabajo de<strong> preincubaci\u00f3n <\/strong>y\/o<strong> espacios compartidos<\/strong>, en ambos casos las personas emprendedoras contar\u00e1n con un servicio de apoyo y tutorizaci\u00f3n empresarial, informaci\u00f3n sobre programas de financiaci\u00f3n y de ayudas y subvenciones, que les permita su establecimiento, despegue y consolidaci\u00f3n durante sus primeros a\u00f1os de actividad.<\/p>\n<p>Los puestos de trabajo para <strong>preincubaci\u00f3n\u00a0<\/strong>son un espacio f\u00edsico para la elaboraci\u00f3n del\u00a0<a href=\\\"\/es\/emprendedores\/asesoramiento-a-emprendedores\/simulador-y-manual-plan-de-empresas\\\" target=\\\"_blank\\\">plan de empresa<\/a>. El plazo m\u00e1ximo de estancia es de 6 meses.<\/p>\n<p>Los\u00a0<strong>espacios compartidos<\/strong>\u00a0son puestos de trabajo para empresas con inicio de actividad.\u00a0En este caso, el plazo m\u00e1ximo de estancia es de 1 a\u00f1o.<\/p>\n<p>Con este nuevo espacio ya son 5 los espacios de coworking gratuito que el Ayuntamiento de Madrid pone a disposici\u00f3n de los emprendedores madrile\u00f1os.<\/p>\n<p><strong>\u00bfD\u00f3nde est\u00e1n ubicados?<\/strong><\/p>\n<ul>\n<li><a href=\\\"\/es\/emprendedores\/espacios-para-emprendedores\/viveros-de-empresas\/Viveros\/ficha\/1d2b603c5ca5d984996cb36e7138fd9d\/\\\">Vivero Vic\u00e1lvaro<\/a>\u00a0C\/ Villablanca, 85<a href=\\\"\/es\/emprendedores\/espacios-para-emprendedores\/viveros-de-empresas\/Viveros\/ficha\/1d2b603c5ca5d984996cb36e7138fd9d\/\\\"><br \/><\/a><\/li>\n<li><a href=\\\"\/es\/emprendedores\/espacios-para-emprendedores\/viveros-de-empresas\/Viveros\/ficha\/629dbcf35eceda5bdc3635506297bbcf\/\\\">Vivero Villaverde<\/a>\u00a0Avda. Orovilla, 54<\/li>\n<li><a href=\\\"\/es\/emprendedores\/espacios-para-emprendedores\/viveros-de-empresas\/Viveros\/ficha\/bd88c882e9b597a6d95b6b67fe83cc62\/\\\">Vivero Puente de Vallecas<\/a>\u00a0C\/ Diligencia, 9<\/li>\n<li><a href=\\\"\/es\/emprendedores\/espacios-para-emprendedores\/viveros-de-empresas\/Viveros\/ficha\/4728d57df9ddd693aebc6893018681e3\/\\\">Vivero Carabanchel<\/a>\u00a0C\/ Cidro, 3<\/li>\n<li><a href=\\\"http:\/\/www.madrid.es\/portales\/munimadrid\/es\/Inicio\/Cultura-ocio-y-deporte\/Cultura-y-ocio\/Direcciones-y-telefonos\/Centro-Cultural-Lope-de-Vega-Puente-de-Vallecas-?vgnextfmt=default&#038;vgnextoid=4a273d0b5e71c010VgnVCM1000000b205a0aRCRD&#038;vgnextchannel=76f3efff228fe410VgnVCM2000000c205a0aRCRD\\\">Centro Cultural Lope de Vega<\/a>\u00a0C\/\u00a0Concejo de Teverga, 1\u00a0<\/li>\n<\/ul>\n","protected":false},"excerpt":{"rendered":"<p>Este nuevo espacio se encuentra ubicado en la tercera planta del Centro&#8230;<\/p>\n","protected":false},"featured_media":7379,"template":"","meta":{"_acf_changed":false},"categories":[],"noticias":[],"class_list":["post-7378","noticias","type-noticias","status-publish","has-post-thumbnail","hentry"],"acf":[],"_links":{"self":[{"href":"https:\/\/test.madridemprende.anovagroup.es\/fr\/wp-json\/wp\/v2\/noticias\/7378"}],"collection":[{"href":"https:\/\/test.madridemprende.anovagroup.es\/fr\/wp-json\/wp\/v2\/noticias"}],"about":[{"href":"https:\/\/test.madridemprende.anovagroup.es\/fr\/wp-json\/wp\/v2\/types\/noticias"}],"version-history":[{"count":0,"href":"https:\/\/test.madridemprende.anovagroup.es\/fr\/wp-json\/wp\/v2\/noticias\/7378\/revisions"}],"wp:featuredmedia":[{"embeddable":true,"href":"https:\/\/test.madridemprende.anovagroup.es\/fr\/wp-json\/wp\/v2\/media\/7379"}],"wp:attachment":[{"href":"https:\/\/test.madridemprende.anovagroup.es\/fr\/wp-json\/wp\/v2\/media?parent=7378"}],"wp:term":[{"taxonomy":"category","embeddable":true,"href":"https:\/\/test.madridemprende.anovagroup.es\/fr\/wp-json\/wp\/v2\/categories?post=7378"},{"taxonomy":"noticias","embeddable":true,"href":"https:\/\/test.madridemprende.anovagroup.es\/fr\/wp-json\/wp\/v2\/noticias?post=7378"}],"curies":[{"name":"wp","href":"https:\/\/api.w.org\/{rel}","templated":true}]}}