{"id":7382,"date":"2017-03-29T00:00:00","date_gmt":"2017-03-29T00:00:00","guid":{"rendered":"https:\/\/pre.madridemprende.anovagroup.es\/noticias\/un-ao-ms-estaremos-presentes-en-expofranquicia-2\/"},"modified":"2022-06-08T11:24:29","modified_gmt":"2022-06-08T09:24:29","slug":"un-ao-ms-estaremos-presentes-en-expofranquicia-2","status":"publish","type":"noticias","link":"https:\/\/test.madridemprende.anovagroup.es\/fr\/noticias\/un-ao-ms-estaremos-presentes-en-expofranquicia-2\/","title":{"rendered":"Un a\u00f1o m\u00e1s estaremos presentes en Expofranquicia"},"content":{"rendered":"<p>Entre los d\u00edas 20 al 22 de abril, Madrid se convertir\u00e1 en escenario de presentaci\u00f3n de las m\u00e1s variadas propuestas de negocio e inversi\u00f3n con motivo de la celebraci\u00f3n de <a href=\\\"http:\/\/www.ifema.es\/expofranquicia_01\/\\\" target=\\\"_blank\\\">EXPOFRANQUICIA 2017<\/a>, el mayor referente internacional de la franquicia en nuestro pa\u00eds y una de las citas clave y de mayor dinamismo del calendario europeo.\u00a0<\/p>\n<p>El Sal\u00f3n celebrar\u00e1 su 23 edici\u00f3n en Feria de Madrid (Pabell\u00f3n 7), entre los d\u00edas 20 al 22 de abril de 2017 de 10:00 a 18:00h<\/p>\n<p>Como en ediciones anteriores el Ayuntamiento de Madrid, a trav\u00e9s de la\u00a0<a href=\\\"\/es\\\">Direcci\u00f3n General de Comercio y Emprendimiento<\/a>, estar\u00e1 presente en esta feria con un stand con personal cualificado que facilitar\u00e1 asesoramiento para la puesta en marcha de tu negocio.\u00a0<strong>\u00bfQuieres una cita con nosotros?<\/strong>\u00a0solic\u00edtala\u00a0<a href=\\\"http:\/\/appcatalogo.ifema.es\/waCatalogoWeb\/index.html?feria=FQ17&#038;idioma=es#FICHA_EMPRESA?emp=55642_1_0\\\" target=\\\"_blank\\\">aqu\u00ed<\/a>\u00a0<\/p>\n<p> Accede de forma gratuita a la feria <strong>\u00a0<\/strong><a href=\\\"http:\/\/www.ifema.es\/expofranquicia_01\/Visitantes\/registro\/index.htm\\\" target=\\\"_blank\\\">registr\u00e1ndote aqu\u00ed\u00a0<\/a>con nuestro c\u00f3digo de invitaci\u00f3n:\u00a0<strong>FQ170678629MV<\/strong>\u00a0<\/p>\n<p>En la pasada edici\u00f3n fueron 521 las empresas representadas. Esta cifra es la suma de 239 titulares de stands y sus empresas representadas por \u00e9stos. Los 239 expositores directos de Expofranquicia 2016 marcaron una enorme diferencia y\u00a0 situaron esta feria entre las principales citas internacionales.<\/p>\n<p>La cifra de asistentes en 2016 fue de 15.711, de 34 pa\u00edses.<\/p>\n<p>Podr\u00e1s descubrir las nuevas oportunidades y ofertas en franquicias y disfrutar de toda la informaci\u00f3n para elegir acertadamente una franquicia<\/p>\n<p>Presentar\u00e1, una vez m\u00e1s, una oferta multisectorial con propuestas de muy variada naturaleza y distintos niveles de inversi\u00f3n ajustados a todos los presupuestos. M\u00e1s de 20 sectores en exposici\u00f3n, entre los que se encuentran Alimentaci\u00f3n, Belleza, Salud y Fitness; Decoraci\u00f3n y Art\u00edculos del Hogar; Moda y Complementos; Restauraci\u00f3n y Hosteler\u00eda; Servicios Especializados; Supermercados e hipermercados, y distintos tipos de negocios enfocados en servicios especializados, asistenciales, automovil\u00edsticos, financieros, inmobiliarios, consultor\u00eda y asesor\u00eda, etc.<\/p>\n<p><img style=\\\"display: block; margin-left: auto; margin-right: auto;\\\" src=\\\"\/images\/public\/source\/Expofranquicia200x200.gif\\\" alt=\\\"Expofranquicia200x200\\\" \/><\/p>\n","protected":false},"excerpt":{"rendered":"<p>Entre los d\u00edas 20 al 22 de abril, Madrid se convertir\u00e1 en escenario de&#8230;<\/p>\n","protected":false},"featured_media":7383,"template":"","meta":{"_acf_changed":false},"categories":[],"noticias":[],"class_list":["post-7382","noticias","type-noticias","status-publish","has-post-thumbnail","hentry"],"acf":[],"_links":{"self":[{"href":"https:\/\/test.madridemprende.anovagroup.es\/fr\/wp-json\/wp\/v2\/noticias\/7382"}],"collection":[{"href":"https:\/\/test.madridemprende.anovagroup.es\/fr\/wp-json\/wp\/v2\/noticias"}],"about":[{"href":"https:\/\/test.madridemprende.anovagroup.es\/fr\/wp-json\/wp\/v2\/types\/noticias"}],"version-history":[{"count":0,"href":"https:\/\/test.madridemprende.anovagroup.es\/fr\/wp-json\/wp\/v2\/noticias\/7382\/revisions"}],"wp:featuredmedia":[{"embeddable":true,"href":"https:\/\/test.madridemprende.anovagroup.es\/fr\/wp-json\/wp\/v2\/media\/7383"}],"wp:attachment":[{"href":"https:\/\/test.madridemprende.anovagroup.es\/fr\/wp-json\/wp\/v2\/media?parent=7382"}],"wp:term":[{"taxonomy":"category","embeddable":true,"href":"https:\/\/test.madridemprende.anovagroup.es\/fr\/wp-json\/wp\/v2\/categories?post=7382"},{"taxonomy":"noticias","embeddable":true,"href":"https:\/\/test.madridemprende.anovagroup.es\/fr\/wp-json\/wp\/v2\/noticias?post=7382"}],"curies":[{"name":"wp","href":"https:\/\/api.w.org\/{rel}","templated":true}]}}