{"id":7396,"date":"2017-04-20T00:00:00","date_gmt":"2017-04-20T00:00:00","guid":{"rendered":"https:\/\/pre.madridemprende.anovagroup.es\/noticias\/expofranquicia-2017-abre-sus-puertas\/"},"modified":"2022-06-08T11:24:28","modified_gmt":"2022-06-08T09:24:28","slug":"expofranquicia-2017-abre-sus-puertas","status":"publish","type":"noticias","link":"https:\/\/test.madridemprende.anovagroup.es\/fr\/noticias\/expofranquicia-2017-abre-sus-puertas\/","title":{"rendered":"Expofranquicia 2017 abre sus puertas"},"content":{"rendered":"<p class=\\\"MsoNormal\\\" style=\\\"text-align: justify;\\\">Hoy se ha inaugurado la 23 edici\u00f3n de <a href=\\\"http:\/\/www.ifema.es\/expofranquicia_01\\\"><strong>Expofranquicia<\/strong><\/a>, la m\u00e1s importante feria de franquicias de nuestro pa\u00eds. La feria, que tiene lugar en <a href=\\\"http:\/\/www.ifema.es\/\\\"><strong>IFEMA<\/strong><\/a> hasta el pr\u00f3ximo s\u00e1bado 22 de abril, cuenta una a\u00f1o m\u00e1s con la presencia del <strong>Ayuntamiento de Madrid<\/strong>, a trav\u00e9s de\u00a0 la <a href=\\\"\/es\\\"><strong>Direcci\u00f3n General de Comercio y Emprendimiento<\/strong><\/a>.<\/p>\n<p class=\\\"MsoNormal\\\" style=\\\"text-align: justify;\\\">Desde el stand del Ayuntamiento en <strong>Expofranquicia<\/strong>, se presta asesoramiento gratuito estos tres d\u00edas a cualquier persona que est\u00e9 pensando en emprender un negocio, o que desee conocer los servicios municipales para emprendedores, como la Red de Viveros de Empresas, o los espacios de Coworking Gratuito.<\/p>\n<p class=\\\"MsoNormal\\\" style=\\\"text-align: justify;\\\">Adem\u00e1s, el <strong>Ayuntamiento de Madrid<\/strong> ofrece acceso gratuito a <strong>Expofranquicia 2017<\/strong> usando el c\u00f3digo de invitaci\u00f3n <strong>FQ170678629MV<\/strong> al <a href=\\\"http:\/\/www.ifema.es\/expofranquicia_01\/Visitantes\/registro\/index.htm\\\"><strong>registrarse en la feria<\/strong><\/a>.<\/p>\n<p class=\\\"MsoNormal\\\" style=\\\"text-align: justify;\\\">En la inauguraci\u00f3n de la feria ha estado presente la <strong>Directora General de Comercio y Emprendimiento<\/strong>, <strong>Concha D\u00edaz de <\/strong>Villegas, as\u00ed como representantes de <strong>IFEMA<\/strong>.<\/p>\n<p class=\\\"MsoNormal\\\" style=\\\"text-align: justify;\\\">La modalidad de franquicia es la preferida por muchos emprendedores\u00a0 para lanzar su negocio, entre otros motivos porque se basa en un modelo de negocio ya probado anteriormente. En la feria, que cont\u00f3 el a\u00f1o pasado con 15.711 visitantes, de 34 pa\u00edses, exponen marcas de 20 sectores diferentes.<\/p>\n","protected":false},"excerpt":{"rendered":"<p>Hoy se ha inaugurado la 23 edici\u00f3n de Expofranquicia, la m\u00e1s importante&#8230;<\/p>\n","protected":false},"featured_media":7397,"template":"","meta":{"_acf_changed":false},"categories":[],"noticias":[],"class_list":["post-7396","noticias","type-noticias","status-publish","has-post-thumbnail","hentry"],"acf":[],"_links":{"self":[{"href":"https:\/\/test.madridemprende.anovagroup.es\/fr\/wp-json\/wp\/v2\/noticias\/7396"}],"collection":[{"href":"https:\/\/test.madridemprende.anovagroup.es\/fr\/wp-json\/wp\/v2\/noticias"}],"about":[{"href":"https:\/\/test.madridemprende.anovagroup.es\/fr\/wp-json\/wp\/v2\/types\/noticias"}],"version-history":[{"count":0,"href":"https:\/\/test.madridemprende.anovagroup.es\/fr\/wp-json\/wp\/v2\/noticias\/7396\/revisions"}],"wp:featuredmedia":[{"embeddable":true,"href":"https:\/\/test.madridemprende.anovagroup.es\/fr\/wp-json\/wp\/v2\/media\/7397"}],"wp:attachment":[{"href":"https:\/\/test.madridemprende.anovagroup.es\/fr\/wp-json\/wp\/v2\/media?parent=7396"}],"wp:term":[{"taxonomy":"category","embeddable":true,"href":"https:\/\/test.madridemprende.anovagroup.es\/fr\/wp-json\/wp\/v2\/categories?post=7396"},{"taxonomy":"noticias","embeddable":true,"href":"https:\/\/test.madridemprende.anovagroup.es\/fr\/wp-json\/wp\/v2\/noticias?post=7396"}],"curies":[{"name":"wp","href":"https:\/\/api.w.org\/{rel}","templated":true}]}}