{"id":7400,"date":"2017-04-21T00:00:00","date_gmt":"2017-04-21T00:00:00","guid":{"rendered":"https:\/\/pre.madridemprende.anovagroup.es\/noticias\/coffee-break-con-aitor-zabala-como-multiemprendedor\/"},"modified":"2022-06-08T11:24:27","modified_gmt":"2022-06-08T09:24:27","slug":"coffee-break-con-aitor-zabala-como-multiemprendedor","status":"publish","type":"noticias","link":"https:\/\/test.madridemprende.anovagroup.es\/fr\/noticias\/coffee-break-con-aitor-zabala-como-multiemprendedor\/","title":{"rendered":"Coffee Break con Aitor Zabala como multiemprendedor"},"content":{"rendered":"<p class=\\\"MsoNormal\\\">Hoy ha tenido lugar un Coffee Break <a href=\\\"https:\/\/twitter.com\/hashtag\/CBreakMAD?src=hash\\\">(#CBreakMAD<\/a>) en el <a href=\\\"\/es\/emprendedores\/espacios-para-emprendedores\/viveros-de-empresas\/Viveros\/ficha\/e159d7430288c4cd3ebc647be7b1490f\/\\\">Vivero de Empresas de San Blas<\/a> con <strong>Aitor Zabala Ib\u00e1\u00f1ez<\/strong>. Aitor es ingeniero agr\u00f3nomo por la Universidad Polit\u00e9cnica de Madrid, y emprendedor y creador de varias empresas en el sector de las TIC e Internet. Es socio fundador de Zyl, Leacci y Multivent, y particip\u00f3 en la creaci\u00f3n de Imaste IPS. Con experiencia en Internacionalizaci\u00f3n, Aitor ha llegado a gestionar a m\u00e1s de 40 personas.<\/p>\n<p class=\\\"MsoNormal\\\"><strong>La esencia del emprendimiento, el cambio\u00a0\u00a0\u00a0\u00a0\u00a0\u00a0\u00a0\u00a0\u00a0\u00a0 <\/strong><\/p>\n<p class=\\\"MsoNormal\\\">Aitor Zabala tiene claro que \\\u00bbemprender es cambiar\\\u00bb, y aclara que \\\u00bbla idea feliz no existe. Hay gente que se centra demasiado en una idea y acaba fracasando porque no es flexible\\\u00bb.<\/p>\n<p class=\\\"MsoNormal\\\">En este sentido, Aitor considera que \\\u00bbel mercado va a cambiar tu producto, hay que estar atento al feedback que el mercado te da\\\u00bb.<\/p>\n<p class=\\\"MsoNormal\\\"><strong>La crisis y la internacionalizaci\u00f3n. Perder el miedo<\/strong><\/p>\n<p class=\\\"MsoNormal\\\">Aitor explica que tras varios a\u00f1os de dificultades, empezaron a ganar dinero en abundancia y \\\u00bbnos cre\u00edamos que la gente no pod\u00eda dejar de comprar nuestro producto. Pero lleg\u00f3 la crisis y ocurri\u00f3\\\u00bb.<\/p>\n<p class=\\\"MsoNormal\\\">\\\u00bbPasamos de ganar mucho dinero a estar al borde de la quiebra\\\u00bb. Y encontraron la soluci\u00f3n: \\\u00bbEspa\u00f1a estaba muy mal, y nos dimos cuenta de que hab\u00eda que exportar\\\u00bb.<\/p>\n<p class=\\\"MsoNormal\\\">Preguntado por cual en su opini\u00f3n la principal clave para internacionalizar un negocio, Aitor Zabala lo tiene claro: \\\u00bbperder el miedo\\\u00bb. Sobre si es m\u00e1s importante la preparaci\u00f3n o la actitud, Aitor contesta que \\\u00bbdepende del tipo de internacionalizaci\u00f3n, en nuestro caso al tratarse de software nos result\u00f3 m\u00e1s sencillo\u201d.<\/p>\n<p class=\\\"MsoNormal\\\">En opini\u00f3n de Aitor, la cultura empresarial americana es muy distinta, pero aunque resultara duro adaptarse, aprendi\u00f3 mucho en los Estados Unidos.<\/p>\n<p class=\\\"MsoNormal\\\"><strong>Cuando hay que cerrar o vender tu empresa<\/strong><\/p>\n<p class=\\\"MsoNormal\\\">Otra ocasi\u00f3n de aprender la tuvo Aitor cuando se vio obligado a cerrar una de las empresas que cre\u00f3. Adem\u00e1s de afrontar el miedo, el proceso de cierre le ense\u00f1\u00f3 c\u00f3mo deber\u00eda haberse construido la organizaci\u00f3n.<\/p>\n<p class=\\\"MsoNormal\\\">Por otro lado, \\\u00bbsi vas a vender tu empresa, busca quien te asesore con el tema legal. Es un lenguaje en el que normalmente no te vas a manejar\\\u00bb, considera Aitor Zabala.<\/p>\n<p class=\\\"MsoNormal\\\"><strong>El dinero de tu empresa<\/strong><\/p>\n<p class=\\\"MsoNormal\\\">\\\u00bbSi se quiere crecer, el dinero hay que gastarlo, pero con cabeza\\\u00bb, dice Aitor Zabala. Y a\u00f1ade que \\\u00bbhay que pensar que el dinero que gana la empresa no es tuyo, es de la empresa y hay que invertirlo en crecer\\\u00bb.<\/p>\n","protected":false},"excerpt":{"rendered":"<p>Hoy ha tenido lugar un Coffee Break (#CBreakMAD) en el Vivero de Empresas&#8230;<\/p>\n","protected":false},"featured_media":7401,"template":"","meta":{"_acf_changed":false},"categories":[],"noticias":[],"class_list":["post-7400","noticias","type-noticias","status-publish","has-post-thumbnail","hentry"],"acf":[],"_links":{"self":[{"href":"https:\/\/test.madridemprende.anovagroup.es\/fr\/wp-json\/wp\/v2\/noticias\/7400"}],"collection":[{"href":"https:\/\/test.madridemprende.anovagroup.es\/fr\/wp-json\/wp\/v2\/noticias"}],"about":[{"href":"https:\/\/test.madridemprende.anovagroup.es\/fr\/wp-json\/wp\/v2\/types\/noticias"}],"version-history":[{"count":0,"href":"https:\/\/test.madridemprende.anovagroup.es\/fr\/wp-json\/wp\/v2\/noticias\/7400\/revisions"}],"wp:featuredmedia":[{"embeddable":true,"href":"https:\/\/test.madridemprende.anovagroup.es\/fr\/wp-json\/wp\/v2\/media\/7401"}],"wp:attachment":[{"href":"https:\/\/test.madridemprende.anovagroup.es\/fr\/wp-json\/wp\/v2\/media?parent=7400"}],"wp:term":[{"taxonomy":"category","embeddable":true,"href":"https:\/\/test.madridemprende.anovagroup.es\/fr\/wp-json\/wp\/v2\/categories?post=7400"},{"taxonomy":"noticias","embeddable":true,"href":"https:\/\/test.madridemprende.anovagroup.es\/fr\/wp-json\/wp\/v2\/noticias?post=7400"}],"curies":[{"name":"wp","href":"https:\/\/api.w.org\/{rel}","templated":true}]}}