{"id":7402,"date":"2017-05-02T00:00:00","date_gmt":"2017-05-02T00:00:00","guid":{"rendered":"https:\/\/pre.madridemprende.anovagroup.es\/noticias\/la-final-de-la-xi-competicin-nacional-de-miniempresas-ha-tenido-lugar-en-madrid\/"},"modified":"2022-06-08T11:24:27","modified_gmt":"2022-06-08T09:24:27","slug":"la-final-de-la-xi-competicin-nacional-de-miniempresas-ha-tenido-lugar-en-madrid","status":"publish","type":"noticias","link":"https:\/\/test.madridemprende.anovagroup.es\/fr\/noticias\/la-final-de-la-xi-competicin-nacional-de-miniempresas-ha-tenido-lugar-en-madrid\/","title":{"rendered":"La final de la XI Competici\u00f3n Nacional de Miniempresas ha tenido lugar en Madrid"},"content":{"rendered":"<p class=\\\"MsoNormal\\\" style=\\\"text-align: justify;\\\">\u201c<strong>Miniempresas<\/strong>\u201d es el nombre de un programa pedag\u00f3gico para j\u00f3venes de 15 a 19 a\u00f1os que organiza la <a href=\\\"http:\/\/fundacionjaes.org\/\\\"><strong>Fundaci\u00f3n Junior Achievement<\/strong><\/a>, y con el que colabora el <strong>Ayuntamiento de Madrid<\/strong> a trav\u00e9s de la <a href=\\\"\/es\\\"><strong>Direcci\u00f3n General de Comercio y Emprendimiento<\/strong><\/a>.<\/p>\n<p class=\\\"MsoNormal\\\" style=\\\"text-align: justify;\\\">Al contrario que otros programas de car\u00e1cter pedag\u00f3gico o de fomento de la iniciativa emprendedora para j\u00f3venes, las <strong>Miniempresas<\/strong> son experiencias de emprendimiento aut\u00e9ntico que cuentan con dinero real, que est\u00e1n basadas en productos o servicios reales y que tienen clientes de verdad.<\/p>\n<p class=\\\"MsoNormal\\\" style=\\\"text-align: justify;\\\">La <strong>XI Competici\u00f3n Nacional de Miniempresas<\/strong> ha contado con m\u00e1s de 800 proyectos participantes y 5.200 alumnos de 16 comunidades. De estos proyectos, 15 han llegado a la final, que ha tenido lugar ayer y hoy en nuestra ciudad. La primera jornada, que ha tenido lugar en la <strong>Estaci\u00f3n de Madrid Puerta de Atocha<\/strong>, \u00a0ha consistido en una feria de muestras de los 15 proyectos. En la segunda jornada, desarrollada en la sede de la <a href=\\\"http:\/\/www.frdelpino.es\/\\\"><strong>Fundaci\u00f3n Rafael del Pino<\/strong><\/a>, las 15 Miniempresas finalistas han presentado sus proyectos en p\u00fablico, y tras la deliberaci\u00f3n del jurado se han dado a conocer los ganadores, y ha tenido lugar la entrega de premios.<\/p>\n<p class=\\\"MsoNormal\\\" style=\\\"text-align: justify;\\\">El Premio Profesor Emprendedor del a\u00f1o ha sido entregado a <strong>H\u00e9ctor Gonz\u00e1lez<\/strong>, del <strong>SEK Ciudalcampo<\/strong>, por <strong>Concha D\u00edaz de Villegas<\/strong>, <strong>Directora General de Comercio y Emprendimiento<\/strong> del <strong>Ayuntamiento de Madrid<\/strong>. D\u00edaz de Villegas ha recalcado el compromiso del Ayuntamiento con la juventud y con los emprendedores; ha puesto en valor la iniciativa de la miniempresa finalista <a href=\\\"\/es\/noticias\/NewsModule\/displayNewsSeo\/el-ayuntamiento-de-madrid-con-los-jvenes-emprendedores-del-colegio-nazaret-de-san-blas-fd871f7e8b3fe99e76b4ce7fd3a37bc9\/a1e68e17934928aa18a4ef4fdc33060d\/\\\"><strong>Social Bike<\/strong><\/a>, que han propuesto mejoras para el servicio de alquiler de bicicletas del Ayuntamiento de Madrid; y ha invitado a los j\u00f3venes emprendedores presentes a idear propuestas que ayuden al comercio de la Ciudad de Madrid.<\/p>\n<p class=\\\"MsoNormal\\\" style=\\\"text-align: justify;\\\">A continuaci\u00f3n se han entregado los siguientes galardones: <strong>Menci\u00f3n a la Internacionalizaci\u00f3n <\/strong>a <strong>Joinsocks <\/strong>(producto para mantener empearejados los calcetines), <strong>Menci\u00f3n a la Diversidad e Innovaci\u00f3n<\/strong> a <strong>Pop It<\/strong> (sistema de sujeci\u00f3n para smartphones y tablets que cuida la salud de la manos), <strong>Menci\u00f3n a la Innovaci\u00f3n en la Gesti\u00f3n Empresarial<\/strong> a <strong>Vie Box<\/strong> (pastillero electr\u00f3nico para que los pacientes cr\u00f3nicos no se olviden de tomar ninguna pastilla), <strong>Menci\u00f3n Disney a la Creatividad<\/strong> a <strong>Safe Trap<\/strong> (pulsera conectada a una app en el m\u00f3vil para tener ubicados a ni\u00f1os y ancianos y evitar que se pierdan), <strong>Menci\u00f3n a la Viabilidad y Sostenibilidad Econ\u00f3mica<\/strong> a <strong>Chocoseed<\/strong> (huevo de chocolate con sorpresa en su interior educativa y medioambiental en forma de semillas e instrucciones para plantarlas), y <strong>Menci\u00f3n a la Orientaci\u00f3n al Cliente<\/strong> a <strong>Feltium<\/strong> (cuyo producto es funda protectora para tarjetas contactless).<\/p>\n<p class=\\\"MsoNormal\\\" style=\\\"text-align: justify;\\\">Finalmente, se ha entregado el <strong>Premio al Mejor Proyecto de Miniempresas 2017<\/strong> a <strong>Sygnall<\/strong> (dispositivo para localizar en todo momento a pacientes de Alzheimer mediante GPS). <strong>Sygnall <\/strong>acudir\u00e1n en representaci\u00f3n de Espa\u00f1a a la final europea de Miniempresas en Bruselas, en la que participar\u00e1n m\u00e1s de 200 estudiantes de 35 pa\u00edses en el mes de julio.<\/p>\n<p>M\u00e1s fotos de la final de <strong>Miniempresas<\/strong> en <a href=\\\"https:\/\/www.facebook.com\/pg\/MadridEmprende\/photos\/?tab=album&#038;album_id=10155133648717165\\\"><strong>este \u00e1lbum<\/strong><\/a>.<\/p>\n","protected":false},"excerpt":{"rendered":"<p>\u201cMiniempresas\u201d es el nombre de un programa pedag\u00f3gico para j\u00f3venes de 15 a&#8230;<\/p>\n","protected":false},"featured_media":7403,"template":"","meta":{"_acf_changed":false},"categories":[],"noticias":[],"class_list":["post-7402","noticias","type-noticias","status-publish","has-post-thumbnail","hentry"],"acf":[],"_links":{"self":[{"href":"https:\/\/test.madridemprende.anovagroup.es\/fr\/wp-json\/wp\/v2\/noticias\/7402"}],"collection":[{"href":"https:\/\/test.madridemprende.anovagroup.es\/fr\/wp-json\/wp\/v2\/noticias"}],"about":[{"href":"https:\/\/test.madridemprende.anovagroup.es\/fr\/wp-json\/wp\/v2\/types\/noticias"}],"version-history":[{"count":0,"href":"https:\/\/test.madridemprende.anovagroup.es\/fr\/wp-json\/wp\/v2\/noticias\/7402\/revisions"}],"wp:featuredmedia":[{"embeddable":true,"href":"https:\/\/test.madridemprende.anovagroup.es\/fr\/wp-json\/wp\/v2\/media\/7403"}],"wp:attachment":[{"href":"https:\/\/test.madridemprende.anovagroup.es\/fr\/wp-json\/wp\/v2\/media?parent=7402"}],"wp:term":[{"taxonomy":"category","embeddable":true,"href":"https:\/\/test.madridemprende.anovagroup.es\/fr\/wp-json\/wp\/v2\/categories?post=7402"},{"taxonomy":"noticias","embeddable":true,"href":"https:\/\/test.madridemprende.anovagroup.es\/fr\/wp-json\/wp\/v2\/noticias?post=7402"}],"curies":[{"name":"wp","href":"https:\/\/api.w.org\/{rel}","templated":true}]}}