{"id":7412,"date":"2017-05-11T00:00:00","date_gmt":"2017-05-11T00:00:00","guid":{"rendered":"https:\/\/pre.madridemprende.anovagroup.es\/noticias\/el-ayuntamiento-de-madrid-y-canal-cocina-lanzan-la-campaa-mercados-de-madrid-cocinamos-contigo\/"},"modified":"2022-06-08T11:24:25","modified_gmt":"2022-06-08T09:24:25","slug":"el-ayuntamiento-de-madrid-y-canal-cocina-lanzan-la-campaa-mercados-de-madrid-cocinamos-contigo","status":"publish","type":"noticias","link":"https:\/\/test.madridemprende.anovagroup.es\/fr\/noticias\/el-ayuntamiento-de-madrid-y-canal-cocina-lanzan-la-campaa-mercados-de-madrid-cocinamos-contigo\/","title":{"rendered":"El Ayuntamiento de Madrid y Canal Cocina lanzan la campa\u00f1a \u00abMercados de Madrid: Cocinamos contigo\u00bb"},"content":{"rendered":"<p style=\\\"margin: 0cm; margin-bottom: .0001pt; text-align: justify; background: white; vertical-align: baseline;\\\"><strong><span lang=\\\"ES-TRAD\\\" style=\\\"font-size: 11.0pt; font-family: \\'Arial\\',\\'sans-serif\\'; font-weight: normal;\\\">Tras el \u00e9xito obtenido el pasado a\u00f1o, <\/span><\/strong><span lang=\\\"ES-TRAD\\\" style=\\\"font-size: 11.0pt; font-family: \\'Arial\\',\\'sans-serif\\'; mso-fareast-language: EN-US;\\\"><a href=\\\"http:\/\/canalcocina.es\/\\\">Canal Cocina<\/a><\/span><strong><span lang=\\\"ES-TRAD\\\" style=\\\"font-size: 11.0pt; font-family: \\'Arial\\',\\'sans-serif\\'; font-weight: normal;\\\"> y el Ayuntamiento\u00a0 de Madrid, a trav\u00e9s de la Direcci\u00f3n General de Comercio y Emprendimiento han vuelto a unir fuerzas<\/span><\/strong><span lang=\\\"ES-TRAD\\\" style=\\\"font-size: 11.0pt; font-family: \\'Arial\\',\\'sans-serif\\';\\\"> para apoyar el comercio local y los mercados tradicionales a trav\u00e9s de una campa\u00f1a exterior conjunta llamada \\\u00bbMercados de Madrid: Cocinamos Contigo\\\u00bb. Con ella, se pretende concienciar acerca de la importancia que tienen estos establecimientos en la econom\u00eda local.<\/span><\/p>\n<p style=\\\"margin: 0cm; margin-bottom: .0001pt; text-align: justify; background: white; vertical-align: baseline;\\\"><strong><span lang=\\\"ES-TRAD\\\" style=\\\"mso-bidi-font-size: 11.0pt; font-family: \\'Arial\\',\\'sans-serif\\'; font-weight: normal;\\\">\u00a0<\/span><\/strong><\/p>\n<p style=\\\"margin: 0cm; margin-bottom: .0001pt; text-align: justify; background: white; vertical-align: baseline;\\\"><strong><span lang=\\\"ES-TRAD\\\" style=\\\"font-size: 11.0pt; font-family: \\'Arial\\',\\'sans-serif\\'; font-weight: normal;\\\">Con motivo de este acuerdo, la cadena se ha desplazado a diferentes espacios de la capital para rodar nuevas entregas de <\/span><\/strong><em><span lang=\\\"ES-TRAD\\\" style=\\\"font-size: 11.0pt; mso-bidi-font-size: 12.0pt; font-family: \\'Arial\\',\\'sans-serif\\'; mso-fareast-language: EN-US;\\\">Yo amo mi mercado. <\/span><\/em><strong><span lang=\\\"ES-TRAD\\\" style=\\\"font-size: 11.0pt; font-family: \\'Arial\\',\\'sans-serif\\'; font-weight: normal; mso-bidi-font-weight: bold;\\\">Los mercados de <a href=\\\"\/es\/mercados\/mercados-de-madrid\/Mercados\/ficha\/55182a7a2f3eec8018bdf8da615988df\/\\\">Vallehermoso<\/a>, <a href=\\\"\/es\/mercados\/mercados-de-madrid\/Mercados\/ficha\/7c3ec6d561f3a710ebe8e43b1d99d189\/\\\">Ant\u00f3n Mart\u00edn<\/a>, <a href=\\\"\/es\/mercados\/mercados-de-madrid\/Mercados\/ficha\/c86c4865e87cd57076ddb09b32b1b482\/\\\">Vallecas<\/a>, <a href=\\\"\/es\/mercados\/mercados-de-madrid\/Mercados\/ficha\/43b6a46e674da7f57b299e60092335ff\/\\\">Chamber\u00ed<\/a>, <a href=\\\"\/es\/mercados\/mercados-de-madrid\/Mercados\/ficha\/95c154b2377fd5e471dc2ad0557badf9\/\\\">La Paz<\/a>, <a href=\\\"\/es\/mercados\/mercados-de-madrid\/Mercados\/ficha\/aacf646bb5332a0dd35cbba2c6c89b03\/\\\">Maravillas<\/a>, <a href=\\\"\/es\/mercados\/mercados-de-madrid\/Mercados\/ficha\/4b0d360ffb3847340cf9f9dce52cb4c0\/\\\">LaGuindalera<\/a> y <a href=\\\"\/es\/mercados\/mercados-de-madrid\/Mercados\/ficha\/f1c1ec23560c6ddc5ed7a1e476c6f961\/\\\">San Pascual<\/a> son algunas de las localizaciones escogidas para la grabaci\u00f3n de <a name=\\\"_GoBack\\\"><\/a>estas piezas de estreno<\/span><\/strong><\/p>\n<p style=\\\"margin: 0cm; margin-bottom: .0001pt; text-align: justify; background: white; vertical-align: baseline;\\\"><strong><span lang=\\\"ES-TRAD\\\" style=\\\"font-size: 11.0pt; font-family: \\'Arial\\',\\'sans-serif\\'; font-weight: normal; mso-bidi-font-weight: bold;\\\">\u00a0<\/span><\/strong><\/p>\n<p class=\\\"MsoNormal\\\" style=\\\"text-align: justify;\\\"><span lang=\\\"ES-TRAD\\\" style=\\\"font-size: 11.0pt; font-family: \\'Arial\\',\\'sans-serif\\'; mso-ansi-language: ES-TRAD;\\\">Gracias a esta campa\u00f1a, l<\/span><span lang=\\\"ES\\\" style=\\\"font-size: 11.0pt; font-family: \\'Arial\\',\\'sans-serif\\';\\\">as recetas de <\/span><em><span lang=\\\"ES\\\" style=\\\"font-size: 11.0pt; font-family: \\'Arial\\',\\'sans-serif\\'; mso-fareast-language: EN-US;\\\">Cocinamos contigo<\/span><\/em><span lang=\\\"ES\\\" style=\\\"font-size: 11.0pt; font-family: \\'Arial\\',\\'sans-serif\\';\\\"> estar\u00e1n m\u00e1s a mano que nunca. Los madrile\u00f1os podr\u00e1n disfrutarlas en el transporte p\u00fablico gracias al perching que se instalar\u00e1 en varias l\u00edneas de autob\u00fas de la ciudad. Adem\u00e1s, el acuerdo recoge la colocaci\u00f3n de m\u00e1s de 1.000 carteles en farolas, marquesinas y autobuses repartidos por todo Madrid para recordar a los consumidores el importante papel que juegan los mercados en la vida social, cultural y econ\u00f3mica de los diferentes barrios madrile\u00f1os.<\/span><\/p>\n<p style=\\\"margin: 0cm; margin-bottom: .0001pt; text-align: justify; background: white; vertical-align: baseline;\\\"><span lang=\\\"ES-TRAD\\\" style=\\\"font-size: 11.0pt; font-family: \\'Arial\\',\\'sans-serif\\';\\\">\u00a0<\/span><\/p>\n<p class=\\\"MsoNormal\\\" style=\\\"text-align: justify; mso-pagination: widow-orphan; mso-layout-grid-align: auto; text-autospace: ideograph-numeric ideograph-other;\\\"><span lang=\\\"ES-TRAD\\\" style=\\\"font-size: 11.0pt; font-family: \\'Arial\\',\\'sans-serif\\'; mso-fareast-font-family: Calibri; mso-ansi-language: ES-TRAD; mso-fareast-language: ES-TRAD;\\\">La firma de este acuerdo coincide con el estreno de la nueva temporada de <\/span><em><span lang=\\\"ES\\\" style=\\\"font-size: 11.0pt; font-family: \\'Arial\\',\\'sans-serif\\'; mso-fareast-language: EN-US;\\\">Cocinamos contigo<\/span><\/em><span lang=\\\"ES-TRAD\\\" style=\\\"font-size: 11.0pt; font-family: \\'Arial\\',\\'sans-serif\\'; mso-fareast-font-family: Calibri; mso-ansi-language: ES-TRAD; mso-fareast-language: ES-TRAD;\\\">, donde el chef Sergio Fern\u00e1ndez reinterpreta las recetas que diferentes tenderos y compradores le env\u00edan. El cocinero aporta su toque a los diferentes platos y desvela algunos trucos para sorprender al resto de comensales.<\/span><\/p>\n<p class=\\\"MsoNormal\\\" style=\\\"margin-right: 23.9pt;\\\"><span lang=\\\"ES\\\" style=\\\"font-size: 11.0pt; font-family: \\'Arial\\',\\'sans-serif\\';\\\">\u00a0<\/span><strong><span style=\\\"font-size: 14pt;\\\">\u00a1\u00a1Entra y conoce los mercados de Madrid!!<\/span><\/strong><\/p>\n<p> <iframe src=\\\"https:\/\/www.youtube.com\/embed\/bPNCpaBO5ic\\\" width=\\\"548\\\" height=\\\"308\\\" frameborder=\\\"0\\\" allowfullscreen=\\\"\\\"><\/iframe><\/p>\n<p> <iframe src=\\\"https:\/\/www.youtube.com\/embed\/mbgEqIeLTng\\\" width=\\\"548\\\" height=\\\"308\\\" frameborder=\\\"0\\\" allowfullscreen=\\\"\\\"><\/iframe><\/p>\n<p> <iframe src=\\\"https:\/\/www.youtube.com\/embed\/1rf_8T65mf0\\\" width=\\\"548\\\" height=\\\"308\\\" frameborder=\\\"0\\\" allowfullscreen=\\\"\\\"><\/iframe><\/p>\n<p><iframe src=\\\"https:\/\/www.youtube.com\/embed\/mP47M8YIIwI\\\" width=\\\"548\\\" height=\\\"308\\\" frameborder=\\\"0\\\" allowfullscreen=\\\"\\\"><\/iframe><\/p>\n<p> <iframe src=\\\"https:\/\/www.youtube.com\/embed\/sGfl5mKP88w\\\" width=\\\"548\\\" height=\\\"308\\\" frameborder=\\\"0\\\" allowfullscreen=\\\"\\\"><\/iframe><\/p>\n","protected":false},"excerpt":{"rendered":"<p>Tras el \u00e9xito obtenido el pasado a\u00f1o, Canal Cocina y el Ayuntamiento\u00a0 de&#8230;<\/p>\n","protected":false},"featured_media":7413,"template":"","meta":{"_acf_changed":false},"categories":[],"noticias":[],"class_list":["post-7412","noticias","type-noticias","status-publish","has-post-thumbnail","hentry"],"acf":[],"_links":{"self":[{"href":"https:\/\/test.madridemprende.anovagroup.es\/fr\/wp-json\/wp\/v2\/noticias\/7412"}],"collection":[{"href":"https:\/\/test.madridemprende.anovagroup.es\/fr\/wp-json\/wp\/v2\/noticias"}],"about":[{"href":"https:\/\/test.madridemprende.anovagroup.es\/fr\/wp-json\/wp\/v2\/types\/noticias"}],"version-history":[{"count":0,"href":"https:\/\/test.madridemprende.anovagroup.es\/fr\/wp-json\/wp\/v2\/noticias\/7412\/revisions"}],"wp:featuredmedia":[{"embeddable":true,"href":"https:\/\/test.madridemprende.anovagroup.es\/fr\/wp-json\/wp\/v2\/media\/7413"}],"wp:attachment":[{"href":"https:\/\/test.madridemprende.anovagroup.es\/fr\/wp-json\/wp\/v2\/media?parent=7412"}],"wp:term":[{"taxonomy":"category","embeddable":true,"href":"https:\/\/test.madridemprende.anovagroup.es\/fr\/wp-json\/wp\/v2\/categories?post=7412"},{"taxonomy":"noticias","embeddable":true,"href":"https:\/\/test.madridemprende.anovagroup.es\/fr\/wp-json\/wp\/v2\/noticias?post=7412"}],"curies":[{"name":"wp","href":"https:\/\/api.w.org\/{rel}","templated":true}]}}