{"id":7414,"date":"2017-05-17T00:00:00","date_gmt":"2017-05-17T00:00:00","guid":{"rendered":"https:\/\/pre.madridemprende.anovagroup.es\/noticias\/trendcycle-2017-la-moda-sobre-ruedas-revoluciona-madrid\/"},"modified":"2022-06-08T11:24:05","modified_gmt":"2022-06-08T09:24:05","slug":"trendcycle-2017-la-moda-sobre-ruedas-revoluciona-madrid","status":"publish","type":"noticias","link":"https:\/\/test.madridemprende.anovagroup.es\/fr\/noticias\/trendcycle-2017-la-moda-sobre-ruedas-revoluciona-madrid\/","title":{"rendered":"TrendCycle 2017: la moda sobre ruedas revoluciona Madrid."},"content":{"rendered":"<p class=\\\"Default\\\" style=\\\"text-align: justify;\\\"><span style=\\\"font-size: 11.0pt; mso-ansi-language: ES;\\\">Tras el \u00e9xito de las ediciones anteriores, nuevas marcas y dise\u00f1adores participantes vuelven a pasear sus escaparates sobre ruedas por las zonas m\u00e1s comerciales de la ciudad. Un carrusel atrevido y cosmopolita circular\u00e1 en las bicicletas el\u00e9ctricas de BiciMAD por un recorrido que incluye las calles m\u00e1s emblem\u00e1ticas y comerciales: Jorge Juan, Goya, Serrano, Vel\u00e1zquez, Ortega y Gasset, G\u00e9nova, Alcal\u00e1, B\u00e1rbara de Braganza, Sagasta, etc. La Plaza de Col\u00f3n ser\u00e1 el <em>meeting point <\/em>(salida y llegada) donde cada participante expondr\u00e1 un <em>pop-up <\/em>donde que presentar\u00e1 sus propuestas y vender\u00e1 sus productos, acerc\u00e1ndolos a todo el p\u00fablico que quiera hacerse con los <em>must <\/em>de esta temporada. Prescriptores y creadores de tendencias, moda y estilo de vida, acompa\u00f1ar\u00e1n esta original iniciativa desde el ya conocido <em>double decker<\/em>, autob\u00fas que acompa\u00f1a a la pasarela. <\/span><\/p>\n<p class=\\\"Default\\\" style=\\\"text-align: justify;\\\"><span style=\\\"font-size: 11.0pt; mso-ansi-language: ES;\\\">La TrendCycle se engloba dentro de las acciones de <a href=\\\"http:\/\/www.madridcapitaldemoda.com\/\\\" target=\\\"_blank\\\">Madrid Capital de Moda<\/a>, iniciativa del Ayuntamiento de Madrid que aglutina todos los eventos de moda de la capital, y que ha querido estar presente en esta IV Edici\u00f3n de forma activa y como patrocinador oficial, junto con el <a href=\\\"http:\/\/forodeempresaspormadrid.es\/\\\" target=\\\"_blank\\\">Foro de Empresas por Madrid,<\/a>\u00a0con el fin de transmitir el concepto de que dise\u00f1o, moda y complementos est\u00e1n repartidos por toda la ciudad de Madrid. <\/span><\/p>\n<p class=\\\"Default\\\" style=\\\"text-align: justify;\\\"><span style=\\\"font-size: 11.0pt; mso-ansi-language: ES;\\\">BiciMAD, el sistema de bicicleta p\u00fablica de Madrid ser\u00e1, otro a\u00f1o m\u00e1s, quien facilite los \u201cescaparates\u201d en movimiento: todos los modelos pedalear\u00e1n en sus bicicletas el\u00e9ctricas, un medio de transporte urbano y sostenible para desplazarse por la capital. La Organizaci\u00f3n Alenta pondr\u00e1 el broche solidario a esta acci\u00f3n, con un stand en el que informar\u00e1n de su labor social y ofrecer\u00e1n al p\u00fablico los trabajos hechos por los chicos de la organizaci\u00f3n. Alenta cuenta con cincuenta a\u00f1os de experiencia dedicados al bienestar y la autorrealizaci\u00f3n de las personas con discapacidad intelectual y otros trastornos del desarrollo y sus familias en Madrid. www.alenta.org <\/span><\/p>\n<p class=\\\"Default\\\" style=\\\"text-align: justify;\\\"><span style=\\\"font-size: 11.0pt; mso-ansi-language: ES;\\\">Los Premios TrendCycle ser\u00e1n elegidos por un jurado integrado por expertos del sector y apasionados de las tendencias urbanas. <\/span><\/p>\n<p class=\\\"Default\\\" style=\\\"text-align: justify;\\\"><span style=\\\"font-size: 11.0pt; mso-ansi-language: ES;\\\">Las marcas m\u00e1s originales, los dise\u00f1adores y tiendas de moda, y los nuevos emprendedores en el sector de la moda, pedalear\u00e1n presentando sus colecciones, coincidiendo con la llegada del buen tiempo en Madrid y la primavera. <\/span><\/p>\n<p class=\\\"Default\\\" style=\\\"text-align: justify;\\\"><span style=\\\"font-size: 11.0pt; mso-ansi-language: ES;\\\">\u00a1Esta primavera la moda es pedalear!<\/p>\n<p><img src=\\\"\/images\/public\/source\/COMERCIO\/CAMPANAS DE RPOMOCION\/TRENDCYCLE 2017\/logo-final-en-negro.jpg\\\" alt=\\\"logo-final-en-negro\\\" width=\\\"89\\\" height=\\\"88\\\" \/>\u00a0 \u00a0\u00a0<img src=\\\"\/images\/public\/source\/COMERCIO\/CAMPANAS DE RPOMOCION\/TRENDCYCLE 2017\/foro.jpg\\\" alt=\\\"foro\\\" width=\\\"171\\\" height=\\\"58\\\" \/>\u00a0 \u00a0 \u00a0\u00a0<img src=\\\"\/images\/public\/source\/COMERCIO\/CAMPANAS DE RPOMOCION\/TRENDCYCLE 2017\/bicimad.jpg\\\" alt=\\\"bicimad\\\" width=\\\"182\\\" height=\\\"18\\\" \/>\u00a0 \u00a0 \u00a0 \u00a0<img src=\\\"\/images\/public\/source\/COMERCIO\/CAMPANAS DE RPOMOCION\/TRENDCYCLE 2017\/cpc cooking ideas.jpg\\\" alt=\\\"cpc cooking ideas\\\" width=\\\"173\\\" height=\\\"52\\\" \/>\u00a0 \u00a0<img src=\\\"\/images\/public\/source\/COMERCIO\/CAMPANAS DE RPOMOCION\/TRENDCYCLE 2017\/acotex.jpg\\\" alt=\\\"acotex\\\" width=\\\"96\\\" height=\\\"63\\\" \/><br \/><\/span><\/p>\n<p class=\\\"Default\\\" style=\\\"text-align: justify;\\\"><span style=\\\"font-size: 11.0pt; mso-ansi-language: ES; mso-fareast-language: ES; mso-no-proof: yes;\\\"><!--[endif]--><\/span><\/p>\n","protected":false},"excerpt":{"rendered":"<p>Tras el \u00e9xito de las ediciones anteriores, nuevas marcas y dise\u00f1adores&#8230;<\/p>\n","protected":false},"featured_media":7415,"template":"","meta":{"_acf_changed":false},"categories":[],"noticias":[],"class_list":["post-7414","noticias","type-noticias","status-publish","has-post-thumbnail","hentry"],"acf":[],"_links":{"self":[{"href":"https:\/\/test.madridemprende.anovagroup.es\/fr\/wp-json\/wp\/v2\/noticias\/7414"}],"collection":[{"href":"https:\/\/test.madridemprende.anovagroup.es\/fr\/wp-json\/wp\/v2\/noticias"}],"about":[{"href":"https:\/\/test.madridemprende.anovagroup.es\/fr\/wp-json\/wp\/v2\/types\/noticias"}],"version-history":[{"count":0,"href":"https:\/\/test.madridemprende.anovagroup.es\/fr\/wp-json\/wp\/v2\/noticias\/7414\/revisions"}],"wp:featuredmedia":[{"embeddable":true,"href":"https:\/\/test.madridemprende.anovagroup.es\/fr\/wp-json\/wp\/v2\/media\/7415"}],"wp:attachment":[{"href":"https:\/\/test.madridemprende.anovagroup.es\/fr\/wp-json\/wp\/v2\/media?parent=7414"}],"wp:term":[{"taxonomy":"category","embeddable":true,"href":"https:\/\/test.madridemprende.anovagroup.es\/fr\/wp-json\/wp\/v2\/categories?post=7414"},{"taxonomy":"noticias","embeddable":true,"href":"https:\/\/test.madridemprende.anovagroup.es\/fr\/wp-json\/wp\/v2\/noticias?post=7414"}],"curies":[{"name":"wp","href":"https:\/\/api.w.org\/{rel}","templated":true}]}}