{"id":7418,"date":"2017-05-22T00:00:00","date_gmt":"2017-05-22T00:00:00","guid":{"rendered":"https:\/\/pre.madridemprende.anovagroup.es\/noticias\/la-noche-de-los-mercados-llega-a-madrid\/"},"modified":"2022-06-08T11:24:04","modified_gmt":"2022-06-08T09:24:04","slug":"la-noche-de-los-mercados-llega-a-madrid","status":"publish","type":"noticias","link":"https:\/\/test.madridemprende.anovagroup.es\/fr\/noticias\/la-noche-de-los-mercados-llega-a-madrid\/","title":{"rendered":"La \u00abNoche de los Mercados\u00bb llega a Madrid"},"content":{"rendered":"<p class=\\\"MsoNormal\\\" style=\\\"margin-bottom: 0.0001pt; text-align: justify;\\\"><span lang=\\\"ES\\\" style=\\\"font-size: 12.0pt; font-family: \\'Lato\\',\\'sans-serif\\'; mso-bidi-font-family: TrebuchetMS; mso-ansi-language: ES;\\\">\u2018La Noche de los Mercados\u2019, una original iniciativa impulsada por el Ayuntamiento de Madrid, a trav\u00e9s de la Direcci\u00f3n General de Comercio y Emprendimiento, y <a href=\\\"http:\/\/www.torres.es\/\\\" target=\\\"_blank\\\">Bodegas Torres,<\/a>\u00a0llega a Madrid el pr\u00f3ximo 25 de mayo. M\u00e1s de 80 puestos en tres mercados emblem\u00e1ticos del centro de la ciudad abrir\u00e1n sus puertas fuera de su horario habitual, por primera vez y durante una sola noche, para celebrar una fiesta gastron\u00f3mica en todos los sentidos. Tapas, vinos, m\u00fasica y buen ambiente convertir\u00e1n estos espacios tradicionales en un lugar de encuentro, y no solo de paso, acerc\u00e1ndose a los consumidores de una forma diferente.<\/span><\/p>\n<p class=\\\"MsoNormal\\\" style=\\\"margin-bottom: 0.0001pt; text-align: justify;\\\"><span lang=\\\"ES\\\" style=\\\"font-size: 12.0pt; font-family: \\'Lato\\',\\'sans-serif\\'; mso-bidi-font-family: TrebuchetMS; mso-ansi-language: ES;\\\">Los mercados municipales de <a href=\\\"\/es\/mercados\/mercados-de-madrid\/Mercados\/ficha\/7c3432bb769952f9b0a7c4b43373ac62\/\\\" target=\\\"_blank\\\">Barcel\u00f3<\/a>, <a href=\\\"\/es\/mercados\/mercados-de-madrid\/Mercados\/ficha\/95c154b2377fd5e471dc2ad0557badf9\/\\\" target=\\\"_blank\\\">La Paz<\/a>\u00a0y <a href=\\\"\/es\/mercados\/mercados-de-madrid\/Mercados\/ficha\/30b8767120f8392db7c2d5f37dc398aa\/\\\" target=\\\"_blank\\\">Las Ventas<\/a>\u00a0se vestir\u00e1n de gala de las 20 a las 23:30 horas, para reinventarse y ofrecer a los visitantes una experiencia singular de manera simult\u00e1nea. M\u00e1s all\u00e1 de la venta de productos, cada parada servir\u00e1 una tapa elaborada con su producto estrella y maridada con uno de los vinos que Bodegas Torres propone para la ocasi\u00f3n, en un recorrido por las principales regiones vin\u00edcolas espa\u00f1olas: Rioja con Altos Ib\u00e9ricos, Ribera del Duero con Celeste Crianza, Rueda con Camino de Magar\u00edn y Verdeo, R\u00edas Baixas con Pazo das Bruxas, Pened\u00e8s con Jean Leon Vinya Le Havre y Catalunya con Vi\u00f1a Esmeralda blanco y rosado.<\/span><\/p>\n<p class=\\\"MsoNormal\\\" style=\\\"margin-bottom: 0.0001pt; text-align: justify;\\\"><strong><span lang=\\\"ES\\\" style=\\\"font-size: 12.0pt; font-family: \\'Lato\\',\\'sans-serif\\'; mso-bidi-font-family: TrebuchetMS-Bold; mso-ansi-language: ES;\\\">\u00a0<\/span><\/strong><\/p>\n<p class=\\\"MsoNormal\\\" style=\\\"margin-bottom: 0.0001pt; text-align: justify;\\\"><strong><span lang=\\\"ES\\\" style=\\\"font-size: 12.0pt; font-family: \\'Lato\\',\\'sans-serif\\'; mso-bidi-font-family: TrebuchetMS-Bold; mso-ansi-language: ES;\\\">Una noche alternativa para los amantes de la gastronom\u00eda y los vinos <\/span><\/strong><span lang=\\\"ES\\\" style=\\\"font-size: 12.0pt; font-family: \\'Lato\\',\\'sans-serif\\'; mso-bidi-font-family: TrebuchetMS; mso-ansi-language: ES;\\\">\u2018La Noche de los Mercados\u2019 pretende ser una experiencia culinaria memorable, en un espacio tan aut\u00e9ntico y entra\u00f1able como son los mercados de abastos. Una propuesta ef\u00edmera y alternativa para compartir, con los amantes de la gastronom\u00eda y los vinos, durante una sola noche, una forma diferente de conocer y vivir los tradicionales mercados.<\/span><\/p>\n<p class=\\\"MsoNormal\\\" style=\\\"margin-bottom: 0.0001pt; text-align: justify;\\\"><span lang=\\\"ES\\\" style=\\\"font-size: 12.0pt; font-family: \\'Lato\\',\\'sans-serif\\'; mso-bidi-font-family: TrebuchetMS; mso-ansi-language: ES;\\\">\u00a0<\/span><\/p>\n<p class=\\\"MsoNormal\\\" style=\\\"margin-bottom: 0.0001pt; text-align: justify;\\\"><span lang=\\\"ES\\\" style=\\\"font-size: 12.0pt; font-family: \\'Lato\\',\\'sans-serif\\'; mso-bidi-font-family: TrebuchetMS; mso-ansi-language: ES;\\\">En definitiva, la finalidad de esta singular iniciativa es contribuir a recuperar la esencia de estos mercados, espacios de toda la vida donde comprar producto fresco, de temporada y de calidad, para integrarlos de nuevo en el h\u00e1bito de la compra de los consumidores. \u2018La Noche de los Mercados\u2019, organizada por la agencia Mateo&#038;Co, est\u00e1 impulsada por Bodegas Torres y el Ayuntamiento de Madrid en el marco de su campa\u00f1a \u2018Me gusta mi mercado\u2019.<\/span><\/p>\n<p class=\\\"MsoNormal\\\" style=\\\"margin-bottom: 0.0001pt; text-align: justify;\\\"><span lang=\\\"ES\\\" style=\\\"font-size: 12.0pt; font-family: \\'Lato\\',\\'sans-serif\\'; mso-bidi-font-family: TrebuchetMS; mso-ansi-language: ES;\\\">\u00a0<\/span><\/p>\n<p class=\\\"MsoNormal\\\" style=\\\"margin-bottom: 0.0001pt; text-align: justify;\\\"><span lang=\\\"ES\\\" style=\\\"font-size: 12.0pt; font-family: \\'Lato\\',\\'sans-serif\\'; mso-bidi-font-family: TrebuchetMS; mso-ansi-language: ES;\\\">\u00a0<\/span><\/p>\n<p class=\\\"MsoNormal\\\" style=\\\"margin-bottom: 0.0001pt; text-align: justify;\\\"><em><span lang=\\\"ES\\\" style=\\\"font-size: 12.0pt; font-family: \\'Lato\\',\\'sans-serif\\'; mso-bidi-font-family: TrebuchetMS-Italic; mso-ansi-language: ES;\\\">Direcciones de los mercados participantes:<\/span><\/em><\/p>\n<p class=\\\"MsoNormal\\\" style=\\\"margin-bottom: 0.0001pt; text-align: justify;\\\"><em><span lang=\\\"ES\\\" style=\\\"font-size: 12.0pt; font-family: \\'Lato\\',\\'sans-serif\\'; mso-bidi-font-family: TrebuchetMS-Italic; mso-ansi-language: ES;\\\">Mercado Barcel\u00f3 \u00b7 C\/ Barcel\u00f3, 6<\/span><\/em><\/p>\n<p class=\\\"MsoNormal\\\" style=\\\"margin-bottom: 0.0001pt; text-align: justify;\\\"><em><span lang=\\\"ES\\\" style=\\\"font-size: 12.0pt; font-family: \\'Lato\\',\\'sans-serif\\'; mso-bidi-font-family: TrebuchetMS-Italic; mso-ansi-language: ES;\\\">Mercado de la Paz \u00b7 C\/ Ayala, 28<\/span><\/em><\/p>\n<p class=\\\"MsoNormal\\\" style=\\\"text-align: justify;\\\"><em><span lang=\\\"ES\\\" style=\\\"font-size: 12.0pt; line-height: 115%; font-family: \\'Lato\\',\\'sans-serif\\'; mso-bidi-font-family: TrebuchetMS-Italic; mso-ansi-language: ES;\\\">Mercado de las Ventas \u00b7 C\/ Virgen de la Alegr\u00eda, 10<\/span><\/em><\/p>\n<p class=\\\"MsoNormal\\\" style=\\\"text-align: justify;\\\"><span lang=\\\"ES\\\" style=\\\"font-size: 12.0pt; line-height: 115%; font-family: \\'Lato\\',\\'sans-serif\\'; mso-ansi-language: ES;\\\">\u00a0<\/span><\/p>\n","protected":false},"excerpt":{"rendered":"<p>\u2018La Noche de los Mercados\u2019, una original iniciativa impulsada por el&#8230;<\/p>\n","protected":false},"featured_media":7419,"template":"","meta":{"_acf_changed":false},"categories":[],"noticias":[],"class_list":["post-7418","noticias","type-noticias","status-publish","has-post-thumbnail","hentry"],"acf":[],"_links":{"self":[{"href":"https:\/\/test.madridemprende.anovagroup.es\/fr\/wp-json\/wp\/v2\/noticias\/7418"}],"collection":[{"href":"https:\/\/test.madridemprende.anovagroup.es\/fr\/wp-json\/wp\/v2\/noticias"}],"about":[{"href":"https:\/\/test.madridemprende.anovagroup.es\/fr\/wp-json\/wp\/v2\/types\/noticias"}],"version-history":[{"count":0,"href":"https:\/\/test.madridemprende.anovagroup.es\/fr\/wp-json\/wp\/v2\/noticias\/7418\/revisions"}],"wp:featuredmedia":[{"embeddable":true,"href":"https:\/\/test.madridemprende.anovagroup.es\/fr\/wp-json\/wp\/v2\/media\/7419"}],"wp:attachment":[{"href":"https:\/\/test.madridemprende.anovagroup.es\/fr\/wp-json\/wp\/v2\/media?parent=7418"}],"wp:term":[{"taxonomy":"category","embeddable":true,"href":"https:\/\/test.madridemprende.anovagroup.es\/fr\/wp-json\/wp\/v2\/categories?post=7418"},{"taxonomy":"noticias","embeddable":true,"href":"https:\/\/test.madridemprende.anovagroup.es\/fr\/wp-json\/wp\/v2\/noticias?post=7418"}],"curies":[{"name":"wp","href":"https:\/\/api.w.org\/{rel}","templated":true}]}}